{"id":116086,"date":"2025-01-23T20:13:11","date_gmt":"2025-01-23T23:13:11","guid":{"rendered":"https:\/\/blogdoedvaldomagalhaes.com.br\/?p=116086"},"modified":"2025-01-23T20:13:11","modified_gmt":"2025-01-23T23:13:11","slug":"prefeito-rodrigo-pinheiro-apresenta-metas-para-os-100-primeiros-dias-de-governo-a-nova-diretoria-da-acic","status":"publish","type":"post","link":"https:\/\/blogdoedvaldomagalhaes.com.br\/index.php\/2025\/01\/23\/prefeito-rodrigo-pinheiro-apresenta-metas-para-os-100-primeiros-dias-de-governo-a-nova-diretoria-da-acic\/","title":{"rendered":"Prefeito Rodrigo Pinheiro apresenta metas para os 100 primeiros dias de governo \u00e0 nova diretoria da ACIC"},"content":{"rendered":"<p>O prefeito de Caruaru, Rodrigo Pinheiro, apresentou, na tarde desta quinta-feira (23), as metas para os 100 primeiros dias de governo \u00e0 nova diretoria da Associa\u00e7\u00e3o Comercial e Empresarial do munic\u00edpio (ACIC). Esta, inclusive, foi a primeira reuni\u00e3o oficial dos novos diretores da ACIC. <\/p>\n<p>O gestor estava acompanhado da vice-prefeita, Dayse Silva; e dos secret\u00e1rios de comunica\u00e7\u00e3o, Thiago Azevedo; de Infraestrutura Urbana e Obras, Andrews Melo; e de Desenvolvimento Econ\u00f4mico, Turismo, Tecnologia e Economia Criativa, Jaime Anselmo; e da secret\u00e1ria de Capta\u00e7\u00e3o de Recursos, Mayara Soares.<\/p>\n<p>Nesta semana, Rodrigo Pinheiro j\u00e1 havia feito esta apresenta\u00e7\u00e3o para os titulares das pastas e os secret\u00e1rios executivos, em uma reuni\u00e3o que ocorreu no audit\u00f3rio do Centro Administrativo, localizado no bairro Universit\u00e1rio. Em seguida, o prefeito detalhou as metas para a imprensa, que esteve presente no local. <\/p>\n<p>Na ocasi\u00e3o, Rodrigo ressaltou que vai \u201ctrabalhar de forma objetiva, fazer o que precisa ser feito, e chegar onde ainda n\u00e3o chegamos, pois iremos olhar nos olhos de cada caruaruense, podendo assim, honrar a confian\u00e7a de todos. N\u00e3o tenho d\u00favida de que vamos honrar essa miss\u00e3o dada por papai do c\u00e9u e retribuir a confian\u00e7a do povo caruaruense\u201d.<\/p>\n<p>As metas determinadas para as secretarias municipais podem ser conferidas por meio do seguinte endere\u00e7o eletr\u00f4nico: https:\/\/caruaru.pe.gov.br\/meta-para-100-dia-de-governo\/.<br \/>\nSiga o Instagram do Blog pelo @blogdoedvaldomagalhaes<br \/>\nFoto: Elvis Edson\/Secom\/PMC<\/p>\n","protected":false},"excerpt":{"rendered":"<p>O prefeito de Caruaru, Rodrigo Pinheiro, apresentou, na tarde desta quinta-feira (23), as metas para os 100 primeiros dias de&hellip;<\/p>\n","protected":false},"author":1,"featured_media":116087,"comment_status":"closed","ping_status":"open","sticky":false,"template":"","format":"standard","meta":{"footnotes":""},"categories":[14122],"tags":[29440,27410,13146,28801,20,32548],"class_list":["post-116086","post","type-post","status-publish","format-standard","has-post-thumbnail","hentry","category-politica","tag-blog-com-mais-visualizacao","tag-blog-de-caruaru","tag-blog-edvaldo-magalhaes","tag-blog-mais-acessado","tag-politica","tag-prefeito-rodrigo-pinheiro-apresenta-metas-para-os-100-primeiros-dias-de-governo-a-nova-diretoria-da-acic"],"_links":{"self":[{"href":"https:\/\/blogdoedvaldomagalhaes.com.br\/index.php\/wp-json\/wp\/v2\/posts\/116086","targetHints":{"allow":["GET"]}}],"collection":[{"href":"https:\/\/blogdoedvaldomagalhaes.com.br\/index.php\/wp-json\/wp\/v2\/posts"}],"about":[{"href":"https:\/\/blogdoedvaldomagalhaes.com.br\/index.php\/wp-json\/wp\/v2\/types\/post"}],"author":[{"embeddable":true,"href":"https:\/\/blogdoedvaldomagalhaes.com.br\/index.php\/wp-json\/wp\/v2\/users\/1"}],"replies":[{"embeddable":true,"href":"https:\/\/blogdoedvaldomagalhaes.com.br\/index.php\/wp-json\/wp\/v2\/comments?post=116086"}],"version-history":[{"count":1,"href":"https:\/\/blogdoedvaldomagalhaes.com.br\/index.php\/wp-json\/wp\/v2\/posts\/116086\/revisions"}],"predecessor-version":[{"id":116088,"href":"https:\/\/blogdoedvaldomagalhaes.com.br\/index.php\/wp-json\/wp\/v2\/posts\/116086\/revisions\/116088"}],"wp:featuredmedia":[{"embeddable":true,"href":"https:\/\/blogdoedvaldomagalhaes.com.br\/index.php\/wp-json\/wp\/v2\/media\/116087"}],"wp:attachment":[{"href":"https:\/\/blogdoedvaldomagalhaes.com.br\/index.php\/wp-json\/wp\/v2\/media?parent=116086"}],"wp:term":[{"taxonomy":"category","embeddable":true,"href":"https:\/\/blogdoedvaldomagalhaes.com.br\/index.php\/wp-json\/wp\/v2\/categories?post=116086"},{"taxonomy":"post_tag","embeddable":true,"href":"https:\/\/blogdoedvaldomagalhaes.com.br\/index.php\/wp-json\/wp\/v2\/tags?post=116086"}],"curies":[{"name":"wp","href":"https:\/\/api.w.org\/{rel}","templated":true}]}}