{"id":116083,"date":"2025-01-23T20:01:13","date_gmt":"2025-01-23T23:01:13","guid":{"rendered":"https:\/\/blogdoedvaldomagalhaes.com.br\/?p=116083"},"modified":"2025-01-23T20:01:13","modified_gmt":"2025-01-23T23:01:13","slug":"censo-vai-mapear-a-quantidade-de-bancos-e-feirantes-no-parque-18-de-maio","status":"publish","type":"post","link":"https:\/\/blogdoedvaldomagalhaes.com.br\/index.php\/2025\/01\/23\/censo-vai-mapear-a-quantidade-de-bancos-e-feirantes-no-parque-18-de-maio\/","title":{"rendered":"Censo vai mapear a quantidade de bancos e feirantes no Parque 18 de Maio"},"content":{"rendered":"<p>_O censo \u00e9 visto como uma etapa essencial para implementar melhorias no funcionamento da Feira_<\/p>\n<p>A Prefeitura de Caruaru, por meio da Secretaria Executiva do Parque 18 de Maio, realizou uma reuni\u00e3o, na sala de monitoramento do Pal\u00e1cio Jaime Nejaim, para definir os futuros passos das mudan\u00e7as e requalifica\u00e7\u00f5es no complexo de feiras. Foram tratados assuntos de melhorias como a pavimenta\u00e7\u00e3o, ilumina\u00e7\u00e3o e limpeza nos espa\u00e7os que ser\u00e3o ocupados pelos feirantes, como tamb\u00e9m o censo para mapear o n\u00famero de bancas e comerciantes, iniciando pelo setor da Brasilit.\u00a0<\/p>\n<p>Na ocasi\u00e3o estavam presentes o secret\u00e1rio executivo do Parque 18 de Maio, Manoel J\u00fanior, o secret\u00e1rio de seguran\u00e7a p\u00fablica, Cel. Patr\u00edcio Filho, o secret\u00e1rio executivo de seguran\u00e7a p\u00fablica, Cel. Donizete, o presidente da AMC, Cel. Edson N\u00f3brega, o secret\u00e1rio de servi\u00e7os p\u00fablicos, Vital Flor\u00eancio, o assessor especial Swami Lima.\u00a0<\/p>\n<p>A Feira de Caruaru \u00e9 um dos maiores polos de comercializa\u00e7\u00e3o de produtos populares do Brasil e est\u00e1 passando por mudan\u00e7as significativas. A Prefeitura de Caruaru realizar\u00e1, a partir de da quinta-feira (23), um censo para mapear a quantidade de bancos e feirantes no Parque 18 de Maio, local onde a feira \u00e9 realizada. O levantamento visa atualizar os dados sobre a organiza\u00e7\u00e3o da feira e otimizar o uso do espa\u00e7o.<\/p>\n<p>O censo ser\u00e1 conduzido visando identificar o n\u00famero exato de comerciantes, a localiza\u00e7\u00e3o de cada banca e a regularidade das atividades. A medida busca melhorar a log\u00edstica, promover a requalifica\u00e7\u00e3o do ambiente e organizar melhor os fluxos de compradores e vendedores. Al\u00e9m disso, os dados obtidos poder\u00e3o auxiliar em decis\u00f5es sobre seguran\u00e7a, limpeza e outras necessidades estruturais do local.<\/p>\n<p>\u201cO censo ser\u00e1 um instrumento para mapear com precis\u00e3o o n\u00famero de bancos, feirantes e a ocupa\u00e7\u00e3o do espa\u00e7o no Parque 18 de Maio. Esses dados s\u00e3o indispens\u00e1veis para podermos tomar decis\u00f5es mais assertivas em rela\u00e7\u00e3o \u00e0 gest\u00e3o, seguran\u00e7a e estrutura da feira\u201d, afirmou o secret\u00e1rio executivo do Parque 18 de Maio, Manoel J\u00fanior.<br \/>\nSeja seguidor do Instagram do Blog pelo @blogdoedvaldomagalhaes<br \/>\nFoto: Divulga\u00e7\u00e3o\/Secom\/PMC<\/p>\n","protected":false},"excerpt":{"rendered":"<p>_O censo \u00e9 visto como uma etapa essencial para implementar melhorias no funcionamento da Feira_ A Prefeitura de Caruaru, por&hellip;<\/p>\n","protected":false},"author":1,"featured_media":116084,"comment_status":"closed","ping_status":"open","sticky":false,"template":"","format":"standard","meta":{"footnotes":""},"categories":[14120],"tags":[28803,27410,2,28801,32547],"class_list":["post-116083","post","type-post","status-publish","format-standard","has-post-thumbnail","hentry","category-noticias","tag-blog-com-mais-visualizacoes","tag-blog-de-caruaru","tag-blog-do-edvaldo-magalhaes","tag-blog-mais-acessado","tag-censo-vai-mapear-a-quantidade-de-bancos-e-feirantes-no-parque-18-de-maio"],"_links":{"self":[{"href":"https:\/\/blogdoedvaldomagalhaes.com.br\/index.php\/wp-json\/wp\/v2\/posts\/116083","targetHints":{"allow":["GET"]}}],"collection":[{"href":"https:\/\/blogdoedvaldomagalhaes.com.br\/index.php\/wp-json\/wp\/v2\/posts"}],"about":[{"href":"https:\/\/blogdoedvaldomagalhaes.com.br\/index.php\/wp-json\/wp\/v2\/types\/post"}],"author":[{"embeddable":true,"href":"https:\/\/blogdoedvaldomagalhaes.com.br\/index.php\/wp-json\/wp\/v2\/users\/1"}],"replies":[{"embeddable":true,"href":"https:\/\/blogdoedvaldomagalhaes.com.br\/index.php\/wp-json\/wp\/v2\/comments?post=116083"}],"version-history":[{"count":1,"href":"https:\/\/blogdoedvaldomagalhaes.com.br\/index.php\/wp-json\/wp\/v2\/posts\/116083\/revisions"}],"predecessor-version":[{"id":116085,"href":"https:\/\/blogdoedvaldomagalhaes.com.br\/index.php\/wp-json\/wp\/v2\/posts\/116083\/revisions\/116085"}],"wp:featuredmedia":[{"embeddable":true,"href":"https:\/\/blogdoedvaldomagalhaes.com.br\/index.php\/wp-json\/wp\/v2\/media\/116084"}],"wp:attachment":[{"href":"https:\/\/blogdoedvaldomagalhaes.com.br\/index.php\/wp-json\/wp\/v2\/media?parent=116083"}],"wp:term":[{"taxonomy":"category","embeddable":true,"href":"https:\/\/blogdoedvaldomagalhaes.com.br\/index.php\/wp-json\/wp\/v2\/categories?post=116083"},{"taxonomy":"post_tag","embeddable":true,"href":"https:\/\/blogdoedvaldomagalhaes.com.br\/index.php\/wp-json\/wp\/v2\/tags?post=116083"}],"curies":[{"name":"wp","href":"https:\/\/api.w.org\/{rel}","templated":true}]}}