{"id":116079,"date":"2025-01-23T19:04:25","date_gmt":"2025-01-23T22:04:25","guid":{"rendered":"https:\/\/blogdoedvaldomagalhaes.com.br\/?p=116079"},"modified":"2025-01-23T19:09:01","modified_gmt":"2025-01-23T22:09:01","slug":"joao-suassuna-visita-petrolina-em-divulgacao-de-projetos-que-homenageiam-ariano","status":"publish","type":"post","link":"https:\/\/blogdoedvaldomagalhaes.com.br\/index.php\/2025\/01\/23\/joao-suassuna-visita-petrolina-em-divulgacao-de-projetos-que-homenageiam-ariano\/","title":{"rendered":"Jo\u00e3o Suassuna visita Petrolina em divulga\u00e7\u00e3o de projetos que homenageiam Ariano"},"content":{"rendered":"<p>Na tela dos cinemas em todo o Brasil, em uma exposi\u00e7\u00e3o imersiva em um centro de compras e lazer na capital do Estado ou nas salas de aula de uma das maiores institui\u00e7\u00f5es de ensino de Pernambuco em um novo projeto cultural, Ariano Suassuna e sua obra est\u00e3o sendo reverenciados de maneira especial em 2025. Por isso, nos dias 28 e 29 de janeiro, o seu neto, Jo\u00e3o Suassuna, estar\u00e1 em Petrolina, no sert\u00e3o pernambucano, para divulgar esse calend\u00e1rio de homenagens ao criador do Movimento Armorial, iniciativa art\u00edstica de valoriza\u00e7\u00e3o das ra\u00edzes populares nordestinas que surgiu em 1970.<\/p>\n<p>Al\u00e9m de falar sobre os sucessos de bilheteria de _O Auto da Compadecida 2_ e de p\u00fablico da exposi\u00e7\u00e3o _O Auto de Ariano_, Jo\u00e3o Suassuna dar\u00e1 detalhes sobre o novo projeto cultural do Grupo G\u00eanese de Ensino (GGE) que teve o neto do escritor como curador. _&#8221;\u00c9 um projeto inovador que visa divulgar permanentemente a cultura nordestina. Estamos pesquisando obras de diversos artistas e planejamos decorar cerca de 80 portas da escola com temas que remetem a cada um deles, criando assim uma viv\u00eancia di\u00e1ria para os alunos e despertando sua curiosidade\u201d_, explica. <\/p>\n<p>Para marcar o in\u00edcio dessa abordagem da cultura local nas unidades do GGE em Jo\u00e3o Pessoa, Recife, Aldeia e Caruaru, que re\u00fanem mais de sete mil alunos, um presente-espet\u00e1culo foi produzido com elementos visuais, gastron\u00f4micos e culturais, como o  queijo da fazenda Carna\u00faba de Tapero\u00e1-PB, terra natal de Ariano. A lembran\u00e7a leva em sua capa a frase do escritor: _\u201co sonho \u00e9 o que leva a gente para frente\u201d_. \u201cEssa frase \u00e9 emblem\u00e1tica do meu av\u00f4 querido e mestre Ariano, pois sem sonhar a gente fica acomodado. E foi justamente um sonho que levou os quatro engenheiros que hoje s\u00e3o s\u00f3cios-diretores do col\u00e9gio a criarem o GGE\u201d_, destaca Suassuna.<\/p>\n<p>_&#8221;Esse \u00e9 o marco inicial de valoriza\u00e7\u00e3o da nossa cultura dentro da escola, trazendo para dentro da sala de aula os s\u00edmbolos, elementos e personagens culturais para que os nossos alunos possam vivenciar e qui\u00e7\u00e1 reproduzir essa riqueza\u201d_, afirma Jos\u00e9 Folhadela Neto, s\u00f3cio-diretor do Col\u00e9gio GGE. O empres\u00e1rio acrescenta ainda que o presente simboliza a gratid\u00e3o pelo legado do escritor e o compromisso com a educa\u00e7\u00e3o, unindo tradi\u00e7\u00e3o e modernidade. _\u201cAriano acreditava que a verdadeira riqueza est\u00e1 naquilo que podemos aprender, compartilhar e preservar e \u00e9 exatamente essa ess\u00eancia que buscamos com esse projeto, com a valorosa contribui\u00e7\u00e3o de Jo\u00e3o Suassuna, para que seja um s\u00edmbolo de nossas ra\u00edzes culturais e de uma educa\u00e7\u00e3o que valoriza o sonho, a criatividade e o futuro\u201d_, finaliza.<br \/>\nSeja seguidor do Instagram do Blog pelo @blogdoedvaldomagalhaes<br \/>\nFoto: Paulo  Rocha<\/p>\n","protected":false},"excerpt":{"rendered":"<p>Na tela dos cinemas em todo o Brasil, em uma exposi\u00e7\u00e3o imersiva em um centro de compras e lazer na&hellip;<\/p>\n","protected":false},"author":1,"featured_media":116082,"comment_status":"closed","ping_status":"open","sticky":false,"template":"","format":"standard","meta":{"footnotes":""},"categories":[14120],"tags":[30592,27410,13146,28801,32546],"class_list":["post-116079","post","type-post","status-publish","format-standard","has-post-thumbnail","hentry","category-noticias","tag-blog-com-mais-seguidores","tag-blog-de-caruaru","tag-blog-edvaldo-magalhaes","tag-blog-mais-acessado","tag-joao-suassuna-visita-petrolina-em-divulgacao-de-projetos-que-homenageiam-ariano"],"_links":{"self":[{"href":"https:\/\/blogdoedvaldomagalhaes.com.br\/index.php\/wp-json\/wp\/v2\/posts\/116079","targetHints":{"allow":["GET"]}}],"collection":[{"href":"https:\/\/blogdoedvaldomagalhaes.com.br\/index.php\/wp-json\/wp\/v2\/posts"}],"about":[{"href":"https:\/\/blogdoedvaldomagalhaes.com.br\/index.php\/wp-json\/wp\/v2\/types\/post"}],"author":[{"embeddable":true,"href":"https:\/\/blogdoedvaldomagalhaes.com.br\/index.php\/wp-json\/wp\/v2\/users\/1"}],"replies":[{"embeddable":true,"href":"https:\/\/blogdoedvaldomagalhaes.com.br\/index.php\/wp-json\/wp\/v2\/comments?post=116079"}],"version-history":[{"count":1,"href":"https:\/\/blogdoedvaldomagalhaes.com.br\/index.php\/wp-json\/wp\/v2\/posts\/116079\/revisions"}],"predecessor-version":[{"id":116081,"href":"https:\/\/blogdoedvaldomagalhaes.com.br\/index.php\/wp-json\/wp\/v2\/posts\/116079\/revisions\/116081"}],"wp:featuredmedia":[{"embeddable":true,"href":"https:\/\/blogdoedvaldomagalhaes.com.br\/index.php\/wp-json\/wp\/v2\/media\/116082"}],"wp:attachment":[{"href":"https:\/\/blogdoedvaldomagalhaes.com.br\/index.php\/wp-json\/wp\/v2\/media?parent=116079"}],"wp:term":[{"taxonomy":"category","embeddable":true,"href":"https:\/\/blogdoedvaldomagalhaes.com.br\/index.php\/wp-json\/wp\/v2\/categories?post=116079"},{"taxonomy":"post_tag","embeddable":true,"href":"https:\/\/blogdoedvaldomagalhaes.com.br\/index.php\/wp-json\/wp\/v2\/tags?post=116079"}],"curies":[{"name":"wp","href":"https:\/\/api.w.org\/{rel}","templated":true}]}}