{"id":116074,"date":"2025-01-23T17:54:57","date_gmt":"2025-01-23T20:54:57","guid":{"rendered":"https:\/\/blogdoedvaldomagalhaes.com.br\/?p=116074"},"modified":"2025-01-23T17:54:57","modified_gmt":"2025-01-23T20:54:57","slug":"comissao-de-desenvolvimento-economico-discute-melhorias-para-feira-da-sulanca","status":"publish","type":"post","link":"https:\/\/blogdoedvaldomagalhaes.com.br\/index.php\/2025\/01\/23\/comissao-de-desenvolvimento-economico-discute-melhorias-para-feira-da-sulanca\/","title":{"rendered":"Comiss\u00e3o de Desenvolvimento Econ\u00f4mico discute melhorias para Feira da Sulanca"},"content":{"rendered":"<p>A Comiss\u00e3o Parlamentar de Desenvolvimento Econ\u00f4mico de Caruaru esteve reunida nesta quinta-feira (23\/01), com o secret\u00e1rio executivo do Parque 18 de Maio, Manoel J\u00fanior, al\u00e9m do Presidente da Associa\u00e7\u00e3o dos Feirantes, Pedro Moura. <\/p>\n<p>O secret\u00e1rio apresentou as a\u00e7\u00f5es que j\u00e1 foram tomadas e projetou melhorais para os feirantes que est\u00e3o sendo deslocados para a chamada \u201cFeira do Brasilit\u201d, como por exemplo, reparos na rede el\u00e9trica do local. A remo\u00e7\u00e3o dos feirantes que trabalham na rua Miguel de Sena, foi adiada para pr\u00f3xima quinta-feira, com o objetivo de avan\u00e7ar com essas melhorias para recebe-los. \u201cEstivemos aqui numa reuni\u00e3o, para falarmos nas melhorias da Feira da Sulanca, do entorno e mobilidade. Situa\u00e7\u00f5es em que a gente t\u00e1 no cronograma de estacionamento da vi\u00fava que ser\u00e1 requalificado, e vamos realizar dentro da brasilit um novo senso, o qual foi provocado aqui pela comiss\u00e3o.\u201d, afirmou o secret\u00e1rio Manuel J\u00fanior. <\/p>\n<p>Os parlamentares, Silvio Nascimento, Carlinhos da CEACA e J\u00fanior Letal pontuaram algumas quest\u00f5es que foram anotadas pelo secret\u00e1rio para posterior provid\u00eancias. Pedro Moura tamb\u00e9m fez questionamentos para serem levados em considera\u00e7\u00e3o a exemplo de a\u00e7\u00f5es de promo\u00e7\u00e3o da Feira da Sulanca. Pedro ainda ressaltou: \u201cFoi uma reuni\u00e3o extremamente positiva, com os vereadores de nossa cidade, pelo qual n\u00f3s solicitamos melhorias em nossa feira, a requalifica\u00e7\u00e3o do setor brasilit, da quest\u00e3o da energia, dos estacionamentos, da isen\u00e7\u00e3o de pagamento dos \u00f4nibus dos compradores. <\/p>\n<p>Na ocasi\u00e3o o vereador Silvio Nascimento, disse que o \u201cdi\u00e1logo continua acontecendo, que as mudan\u00e7as avan\u00e7am, e a gente continua aqui mediando esse debate, mediando essa discuss\u00e3o, pra que as mudan\u00e7as levem o menor impacto negativo poss\u00edvel para os feirantes e tamb\u00e9m para os compradores.&#8221;<br \/>\nSiga o Instagram do Blog pelo @blogdoedvaldomagalhaes<br \/>\nFoto: Divulga\u00e7\u00e3o <\/p>\n","protected":false},"excerpt":{"rendered":"<p>A Comiss\u00e3o Parlamentar de Desenvolvimento Econ\u00f4mico de Caruaru esteve reunida nesta quinta-feira (23\/01), com o secret\u00e1rio executivo do Parque 18&hellip;<\/p>\n","protected":false},"author":1,"featured_media":116075,"comment_status":"closed","ping_status":"open","sticky":false,"template":"","format":"standard","meta":{"footnotes":""},"categories":[14122],"tags":[29440,27410,13146,28801,32545,20],"class_list":["post-116074","post","type-post","status-publish","format-standard","has-post-thumbnail","hentry","category-politica","tag-blog-com-mais-visualizacao","tag-blog-de-caruaru","tag-blog-edvaldo-magalhaes","tag-blog-mais-acessado","tag-comissao-de-desenvolvimento-economico-discute-melhorias-para-feira-da-sulanca","tag-politica"],"_links":{"self":[{"href":"https:\/\/blogdoedvaldomagalhaes.com.br\/index.php\/wp-json\/wp\/v2\/posts\/116074","targetHints":{"allow":["GET"]}}],"collection":[{"href":"https:\/\/blogdoedvaldomagalhaes.com.br\/index.php\/wp-json\/wp\/v2\/posts"}],"about":[{"href":"https:\/\/blogdoedvaldomagalhaes.com.br\/index.php\/wp-json\/wp\/v2\/types\/post"}],"author":[{"embeddable":true,"href":"https:\/\/blogdoedvaldomagalhaes.com.br\/index.php\/wp-json\/wp\/v2\/users\/1"}],"replies":[{"embeddable":true,"href":"https:\/\/blogdoedvaldomagalhaes.com.br\/index.php\/wp-json\/wp\/v2\/comments?post=116074"}],"version-history":[{"count":1,"href":"https:\/\/blogdoedvaldomagalhaes.com.br\/index.php\/wp-json\/wp\/v2\/posts\/116074\/revisions"}],"predecessor-version":[{"id":116076,"href":"https:\/\/blogdoedvaldomagalhaes.com.br\/index.php\/wp-json\/wp\/v2\/posts\/116074\/revisions\/116076"}],"wp:featuredmedia":[{"embeddable":true,"href":"https:\/\/blogdoedvaldomagalhaes.com.br\/index.php\/wp-json\/wp\/v2\/media\/116075"}],"wp:attachment":[{"href":"https:\/\/blogdoedvaldomagalhaes.com.br\/index.php\/wp-json\/wp\/v2\/media?parent=116074"}],"wp:term":[{"taxonomy":"category","embeddable":true,"href":"https:\/\/blogdoedvaldomagalhaes.com.br\/index.php\/wp-json\/wp\/v2\/categories?post=116074"},{"taxonomy":"post_tag","embeddable":true,"href":"https:\/\/blogdoedvaldomagalhaes.com.br\/index.php\/wp-json\/wp\/v2\/tags?post=116074"}],"curies":[{"name":"wp","href":"https:\/\/api.w.org\/{rel}","templated":true}]}}