{"id":116071,"date":"2025-01-23T17:43:01","date_gmt":"2025-01-23T20:43:01","guid":{"rendered":"https:\/\/blogdoedvaldomagalhaes.com.br\/?p=116071"},"modified":"2025-01-23T18:06:23","modified_gmt":"2025-01-23T21:06:23","slug":"bruno-lambreta-luta-pela-extensao-do-ensino-medio-em-varias-localidades-de-caruaru","status":"publish","type":"post","link":"https:\/\/blogdoedvaldomagalhaes.com.br\/index.php\/2025\/01\/23\/bruno-lambreta-luta-pela-extensao-do-ensino-medio-em-varias-localidades-de-caruaru\/","title":{"rendered":"Bruno Lambreta luta pela extens\u00e3o do ensino m\u00e9dio em v\u00e1rias localidades de Caruaru"},"content":{"rendered":"<p>O Presidente da C\u00e2mara Municipal de Caruaru, Bruno Lambreta (PSDB), reuniu-se nessa quarta-feira (22.01) com a gerente Regional de Educa\u00e7\u00e3o, professora Ana L\u00facia Barbosa, para tratar de uma importante solicita\u00e7\u00e3o: a implanta\u00e7\u00e3o de uma extens\u00e3o do Ensino M\u00e9dio nas localidades de Lajedo do Cedro e Xicuru.<\/p>\n<p>O pleito visa beneficiar diretamente os estudantes dessas regi\u00f5es e adjac\u00eancias, que atualmente precisam se deslocar para outras localidades a fim de continuar seus estudos. A proposta prev\u00ea que a extens\u00e3o funcione na Escola Santa In\u00eas, em Lajedo do Cedro, ou na Escola Intermedi\u00e1ria Maria do Socorro de Freitas, em Xicuru, proporcionando mais conforto e acessibilidade aos jovens.<\/p>\n<p>Segundo Bruno Lambreta, a medida busca atender \u00e0 necessidade de levar o ensino m\u00e9dio para perto das comunidades, facilitando a vida dos estudantes e suas fam\u00edlias. \u201cSe conseguirmos essa extens\u00e3o, os jovens poder\u00e3o concluir o ensino m\u00e9dio na pr\u00f3pria localidade onde residem, de forma mais confort\u00e1vel e pr\u00e1tica\u201d, destacou o parlamentar.<\/p>\n<p>Durante a reuni\u00e3o, o secret\u00e1rio municipal de Educa\u00e7\u00e3o, Caio Colasso, foi acionado para participar do di\u00e1logo e prontamente se disp\u00f4s a realizar as intermedia\u00e7\u00f5es necess\u00e1rias junto \u00e0s autoridades competentes, com o objetivo de viabilizar a iniciativa.<\/p>\n<p>A demanda reflete a realidade de muitos alunos da regi\u00e3o, que enfrentam dificuldades para frequentar escolas distantes, devido a fatores como transporte e custos. \u201cCom a implanta\u00e7\u00e3o da extens\u00e3o do ensino m\u00e9dio, a expectativa \u00e9 ampliar o acesso \u00e0 educa\u00e7\u00e3o e garantir mais oportunidades para os jovens dessas comunidades\u201d, ressaltou Lambreta.<br \/>\nSiga o Instagram do Blog pelo @blogdoedvaldomagalhaes.<br \/>\nFoto: Divulga\u00e7\u00e3o <\/p>\n","protected":false},"excerpt":{"rendered":"<p>O Presidente da C\u00e2mara Municipal de Caruaru, Bruno Lambreta (PSDB), reuniu-se nessa quarta-feira (22.01) com a gerente Regional de Educa\u00e7\u00e3o,&hellip;<\/p>\n","protected":false},"author":1,"featured_media":116072,"comment_status":"closed","ping_status":"open","sticky":false,"template":"","format":"standard","meta":{"footnotes":""},"categories":[14122],"tags":[28803,27410,2,28801,32544,20],"class_list":["post-116071","post","type-post","status-publish","format-standard","has-post-thumbnail","hentry","category-politica","tag-blog-com-mais-visualizacoes","tag-blog-de-caruaru","tag-blog-do-edvaldo-magalhaes","tag-blog-mais-acessado","tag-bruno-lambreta-luta-pela-extensao-do-ensino-medio-em-varias-localidades-de-caruaru","tag-politica"],"_links":{"self":[{"href":"https:\/\/blogdoedvaldomagalhaes.com.br\/index.php\/wp-json\/wp\/v2\/posts\/116071","targetHints":{"allow":["GET"]}}],"collection":[{"href":"https:\/\/blogdoedvaldomagalhaes.com.br\/index.php\/wp-json\/wp\/v2\/posts"}],"about":[{"href":"https:\/\/blogdoedvaldomagalhaes.com.br\/index.php\/wp-json\/wp\/v2\/types\/post"}],"author":[{"embeddable":true,"href":"https:\/\/blogdoedvaldomagalhaes.com.br\/index.php\/wp-json\/wp\/v2\/users\/1"}],"replies":[{"embeddable":true,"href":"https:\/\/blogdoedvaldomagalhaes.com.br\/index.php\/wp-json\/wp\/v2\/comments?post=116071"}],"version-history":[{"count":3,"href":"https:\/\/blogdoedvaldomagalhaes.com.br\/index.php\/wp-json\/wp\/v2\/posts\/116071\/revisions"}],"predecessor-version":[{"id":116078,"href":"https:\/\/blogdoedvaldomagalhaes.com.br\/index.php\/wp-json\/wp\/v2\/posts\/116071\/revisions\/116078"}],"wp:featuredmedia":[{"embeddable":true,"href":"https:\/\/blogdoedvaldomagalhaes.com.br\/index.php\/wp-json\/wp\/v2\/media\/116072"}],"wp:attachment":[{"href":"https:\/\/blogdoedvaldomagalhaes.com.br\/index.php\/wp-json\/wp\/v2\/media?parent=116071"}],"wp:term":[{"taxonomy":"category","embeddable":true,"href":"https:\/\/blogdoedvaldomagalhaes.com.br\/index.php\/wp-json\/wp\/v2\/categories?post=116071"},{"taxonomy":"post_tag","embeddable":true,"href":"https:\/\/blogdoedvaldomagalhaes.com.br\/index.php\/wp-json\/wp\/v2\/tags?post=116071"}],"curies":[{"name":"wp","href":"https:\/\/api.w.org\/{rel}","templated":true}]}}