{"id":116068,"date":"2025-01-23T13:28:20","date_gmt":"2025-01-23T16:28:20","guid":{"rendered":"https:\/\/blogdoedvaldomagalhaes.com.br\/?p=116068"},"modified":"2025-01-23T13:28:20","modified_gmt":"2025-01-23T16:28:20","slug":"ultimos-dias-para-pagamento-do-iptu-2025-com-ate-30-de-desconto-em-caruaru","status":"publish","type":"post","link":"https:\/\/blogdoedvaldomagalhaes.com.br\/index.php\/2025\/01\/23\/ultimos-dias-para-pagamento-do-iptu-2025-com-ate-30-de-desconto-em-caruaru\/","title":{"rendered":"\u00daltimos dias para pagamento do IPTU 2025 com at\u00e9 30% de desconto em Caruaru"},"content":{"rendered":"<p>_Al\u00e9m do desconto neste m\u00eas de janeiro, contribuintes tamb\u00e9m ter\u00e3o descontos em fevereiro e mar\u00e7o_<\/p>\n<p>A Prefeitura de Caruaru, por meio da Secretaria da Fazenda (SEFAZ), informa que o contribuinte que ainda n\u00e3o realizou o pagamento do Imposto sobre a Propriedade Predial e Territorial Urbana (IPTU) deste ano, e que deseja obter o desconto de 30% para boleto em cota \u00fanica neste m\u00eas de janeiro, tem at\u00e9 o dia 31 para a realiza\u00e7\u00e3o do pagamento com o desconto m\u00e1ximo.<\/p>\n<p>Caso o pagamento n\u00e3o seja realizado em janeiro, os contribuintes tamb\u00e9m ter\u00e3o desconto especial nos meses de fevereiro e mar\u00e7o, de 20% e 10%, respectivamente. Para aqueles que preferirem parcelar, a prefeitura tamb\u00e9m disponibiliza o parcelamento em at\u00e9 10 vezes, regularizando assim o d\u00e9bito e a situa\u00e7\u00e3o do seu im\u00f3vel.<\/p>\n<p>A entrega dos carn\u00eas segue sendo realizada pelos Correios. Caso o contribuinte n\u00e3o receba o documento, pode procurar a sede da Secretaria da Fazenda, localizada na rua Professor Lourival Vilanova, 118, Universit\u00e1rio, ou acessar o Portal do Contribuinte (http:\/\/caruaru.tributosmunicipais.com.br\/gestor\/views\/publico\/portaldocontribuinte\/publico\/imobiliario\/iptuetaxas.xhtml)<\/p>\n<p>*Confira os descontos para pagamento em parcela \u00fanica:*<br \/>\n30% sobre o valor total do IPTU 2025 para pagamento at\u00e9 31 de janeiro;<br \/>\n20% sobre o valor total do IPTU 2025 para pagamento at\u00e9 28 de fevereiro;<br \/>\n10% sobre o valor total do IPTU 2025 para pagamento at\u00e9 31 de mar\u00e7o.<br \/>\nSeja seguidor do Instagram do Blog pelo @blogdoedvaldomagalhaes<br \/>\nImagem: Divulga\u00e7\u00e3o\/Secom\/PMC<\/p>\n","protected":false},"excerpt":{"rendered":"<p>_Al\u00e9m do desconto neste m\u00eas de janeiro, contribuintes tamb\u00e9m ter\u00e3o descontos em fevereiro e mar\u00e7o_ A Prefeitura de Caruaru, por&hellip;<\/p>\n","protected":false},"author":1,"featured_media":116069,"comment_status":"closed","ping_status":"open","sticky":false,"template":"","format":"standard","meta":{"footnotes":""},"categories":[14120],"tags":[29440,27410,2,32543],"class_list":["post-116068","post","type-post","status-publish","format-standard","has-post-thumbnail","hentry","category-noticias","tag-blog-com-mais-visualizacao","tag-blog-de-caruaru","tag-blog-do-edvaldo-magalhaes","tag-ultimos-dias-para-pagamento-do-iptu-2025-com-ate-30-de-desconto-em-caruaru"],"_links":{"self":[{"href":"https:\/\/blogdoedvaldomagalhaes.com.br\/index.php\/wp-json\/wp\/v2\/posts\/116068","targetHints":{"allow":["GET"]}}],"collection":[{"href":"https:\/\/blogdoedvaldomagalhaes.com.br\/index.php\/wp-json\/wp\/v2\/posts"}],"about":[{"href":"https:\/\/blogdoedvaldomagalhaes.com.br\/index.php\/wp-json\/wp\/v2\/types\/post"}],"author":[{"embeddable":true,"href":"https:\/\/blogdoedvaldomagalhaes.com.br\/index.php\/wp-json\/wp\/v2\/users\/1"}],"replies":[{"embeddable":true,"href":"https:\/\/blogdoedvaldomagalhaes.com.br\/index.php\/wp-json\/wp\/v2\/comments?post=116068"}],"version-history":[{"count":1,"href":"https:\/\/blogdoedvaldomagalhaes.com.br\/index.php\/wp-json\/wp\/v2\/posts\/116068\/revisions"}],"predecessor-version":[{"id":116070,"href":"https:\/\/blogdoedvaldomagalhaes.com.br\/index.php\/wp-json\/wp\/v2\/posts\/116068\/revisions\/116070"}],"wp:featuredmedia":[{"embeddable":true,"href":"https:\/\/blogdoedvaldomagalhaes.com.br\/index.php\/wp-json\/wp\/v2\/media\/116069"}],"wp:attachment":[{"href":"https:\/\/blogdoedvaldomagalhaes.com.br\/index.php\/wp-json\/wp\/v2\/media?parent=116068"}],"wp:term":[{"taxonomy":"category","embeddable":true,"href":"https:\/\/blogdoedvaldomagalhaes.com.br\/index.php\/wp-json\/wp\/v2\/categories?post=116068"},{"taxonomy":"post_tag","embeddable":true,"href":"https:\/\/blogdoedvaldomagalhaes.com.br\/index.php\/wp-json\/wp\/v2\/tags?post=116068"}],"curies":[{"name":"wp","href":"https:\/\/api.w.org\/{rel}","templated":true}]}}