{"id":115943,"date":"2025-01-19T09:26:57","date_gmt":"2025-01-19T12:26:57","guid":{"rendered":"https:\/\/blogdoedvaldomagalhaes.com.br\/?p=115943"},"modified":"2025-01-19T09:36:50","modified_gmt":"2025-01-19T12:36:50","slug":"torcedores-do-central-protestam-contra-pessima-campanha-e-tecnico-celso-teixeira-e-contratado","status":"publish","type":"post","link":"https:\/\/blogdoedvaldomagalhaes.com.br\/index.php\/2025\/01\/19\/torcedores-do-central-protestam-contra-pessima-campanha-e-tecnico-celso-teixeira-e-contratado\/","title":{"rendered":"Torcedores do Central protestam contra p\u00e9ssima campanha e t\u00e9cnico Celso Teixeira \u00e9 contratado"},"content":{"rendered":"<p>Um grupo de torcedores do Central protestaram contra a p\u00e9ssima no Campeonato Pernambucano da S\u00e9rie A1 de 2025. Ap\u00f3s a derrota contra o Maguary por 1 a 0, em Bonito, quando time jogou o segundo tempo com dois atletas a mais, devido duas expuls\u00f5es do advers\u00e1rio, os torcedores gritaram \u201cvergonha, time sem vergonha\u201d no port\u00e3o do Est\u00e1dio Lacerd\u00e3o. No s\u00e1bado, v\u00e9spera do jogo contra o N\u00e1utico, antes de come\u00e7ar o treino no Lacerd\u00e3o, os torcedores foram no gramado e cobraram empenho de todos. Tem v\u00eddeos no Instagram do Blog no endere\u00e7o @blogdoedvaldomagalhaes<\/p>\n<p>O t\u00e9cnico Rafael Jaques foi demitido, e o t\u00e9cnico Celso Teixeira foi contratado, ele far\u00e1 sua quarta passagem pelo clube. O Central est\u00e1 atualmente na lanterna do campeonato com apenas 01 ponto.<\/p>\n<p>Neste domingo (19.01), o Central enfrenta o N\u00e1utico, \u00e0s 18h, no Lacerd\u00e3o. Confira os pre\u00e7os dos ingressos:<\/p>\n<p>Para torcida do Central:<br \/>\nArquibancada:<br \/>\nR$40 (Inteira)<br \/>\nR$20 (Meia ou S\u00f3cio)<br \/>\nArquibancada Coberta:<br \/>\nR$50 (Inteira)<br \/>\nR$25 (Meia)<br \/>\nCadeira:<br \/>\nR$60 (Inteira)<br \/>\nR$30 (Meia)<\/p>\n<p>Para a torcida do N\u00e1utico:<br \/>\nTobog\u00e3:<br \/>\nR$80 (Inteira)<br \/>\nR$40 (Meia).<br \/>\nFoto: Reprodu\u00e7\u00e3o\/WhatsApp <\/p>\n","protected":false},"excerpt":{"rendered":"<p>Um grupo de torcedores do Central protestaram contra a p\u00e9ssima no Campeonato Pernambucano da S\u00e9rie A1 de 2025. Ap\u00f3s a&hellip;<\/p>\n","protected":false},"author":1,"featured_media":115944,"comment_status":"closed","ping_status":"open","sticky":false,"template":"","format":"standard","meta":{"footnotes":""},"categories":[14120],"tags":[29440,27410,13146,28801,15227,2952,2954,3,2955,32512,32511],"class_list":["post-115943","post","type-post","status-publish","format-standard","has-post-thumbnail","hentry","category-noticias","tag-blog-com-mais-visualizacao","tag-blog-de-caruaru","tag-blog-edvaldo-magalhaes","tag-blog-mais-acessado","tag-celso-teixeira","tag-central-de-caruaru","tag-central-sport-club","tag-futebol","tag-lacerdao","tag-rafael-jaques","tag-torcedores-do-central-protestam-contra-pessima-campanha-e-tecnico-celso-teixeira-e-contratado"],"_links":{"self":[{"href":"https:\/\/blogdoedvaldomagalhaes.com.br\/index.php\/wp-json\/wp\/v2\/posts\/115943","targetHints":{"allow":["GET"]}}],"collection":[{"href":"https:\/\/blogdoedvaldomagalhaes.com.br\/index.php\/wp-json\/wp\/v2\/posts"}],"about":[{"href":"https:\/\/blogdoedvaldomagalhaes.com.br\/index.php\/wp-json\/wp\/v2\/types\/post"}],"author":[{"embeddable":true,"href":"https:\/\/blogdoedvaldomagalhaes.com.br\/index.php\/wp-json\/wp\/v2\/users\/1"}],"replies":[{"embeddable":true,"href":"https:\/\/blogdoedvaldomagalhaes.com.br\/index.php\/wp-json\/wp\/v2\/comments?post=115943"}],"version-history":[{"count":2,"href":"https:\/\/blogdoedvaldomagalhaes.com.br\/index.php\/wp-json\/wp\/v2\/posts\/115943\/revisions"}],"predecessor-version":[{"id":115947,"href":"https:\/\/blogdoedvaldomagalhaes.com.br\/index.php\/wp-json\/wp\/v2\/posts\/115943\/revisions\/115947"}],"wp:featuredmedia":[{"embeddable":true,"href":"https:\/\/blogdoedvaldomagalhaes.com.br\/index.php\/wp-json\/wp\/v2\/media\/115944"}],"wp:attachment":[{"href":"https:\/\/blogdoedvaldomagalhaes.com.br\/index.php\/wp-json\/wp\/v2\/media?parent=115943"}],"wp:term":[{"taxonomy":"category","embeddable":true,"href":"https:\/\/blogdoedvaldomagalhaes.com.br\/index.php\/wp-json\/wp\/v2\/categories?post=115943"},{"taxonomy":"post_tag","embeddable":true,"href":"https:\/\/blogdoedvaldomagalhaes.com.br\/index.php\/wp-json\/wp\/v2\/tags?post=115943"}],"curies":[{"name":"wp","href":"https:\/\/api.w.org\/{rel}","templated":true}]}}