{"id":1157,"date":"2018-09-30T13:54:00","date_gmt":"2018-09-30T16:54:00","guid":{"rendered":"http:\/\/blogdoedvaldomagalhaes.com.br\/index.php\/2018\/09\/30\/colisao-entre-carro-e-moto-com-vitima\/"},"modified":"2019-02-09T02:33:03","modified_gmt":"2019-02-09T04:33:03","slug":"colisao-entre-carro-e-moto-com-vitima","status":"publish","type":"post","link":"https:\/\/blogdoedvaldomagalhaes.com.br\/index.php\/2018\/09\/30\/colisao-entre-carro-e-moto-com-vitima\/","title":{"rendered":"Colis\u00e3o entre carro e moto com v\u00edtima fatal na BR-232"},"content":{"rendered":"<div class=\"separator\" style=\"clear: both; text-align: center;\">\n<a href=\"https:\/\/3.bp.blogspot.com\/-S37LOU_mxjw\/W7DT4ERd9MI\/AAAAAAAA66Y\/6qZvcIIJK9Yyv0ghB8Q6eMrORsgFzqmpwCLcBGAs\/s1600\/IMG-20180930-WA0035.jpg\" imageanchor=\"1\" style=\"margin-left: 1em; margin-right: 1em;\"><img loading=\"lazy\" decoding=\"async\" border=\"0\" data-original-height=\"1040\" data-original-width=\"780\" height=\"640\" src=\"http:\/\/blogdoedvaldomagalhaes.com.br\/wp-content\/uploads\/2018\/09\/IMG-20180930-WA0035.jpg\" width=\"480\" \/><\/a><\/div>\n<div class=\"separator\" style=\"clear: both; text-align: center;\">\n<\/div>\n<div class=\"separator\" style=\"clear: both; text-align: center;\">\n<a href=\"https:\/\/3.bp.blogspot.com\/-P1dnd6oWUSc\/W7DT6v7VWRI\/AAAAAAAA66c\/rLEiblCCgywfuW67tZXecPtEj2Sgoa_qwCLcBGAs\/s1600\/IMG-20180930-WA0034.jpg\" imageanchor=\"1\" style=\"margin-left: 1em; margin-right: 1em;\"><img loading=\"lazy\" decoding=\"async\" border=\"0\" data-original-height=\"1040\" data-original-width=\"780\" height=\"640\" src=\"http:\/\/blogdoedvaldomagalhaes.com.br\/wp-content\/uploads\/2018\/09\/IMG-20180930-WA0034.jpg\" width=\"480\" \/><\/a><\/div>\n<div class=\"separator\" style=\"clear: both; text-align: center;\">\nFotos de grupos de WhatsApp<\/div>\n<div class=\"separator\" style=\"clear: both; text-align: center;\">\n<\/div>\n<div style=\"text-align: justify;\">\nO acidente foi registrado neste domingo (30), na BR-232, no sentido Caruaru\/Bezerros. Segundo informa\u00e7\u00f5es de populares, o ve\u00edculo Fiat Strada da Para\u00edba seguia viagem normalmente e a motocicleta CG 125 cc de cor vermelha entrou na contra m\u00e3o, quando houve a colis\u00e3o. O motociclista ainda n\u00e3o identificado, foi arremessado para fora da rodovia e faleceu no local. &nbsp;O corpo foi encaminhado para MIL de Caruaru.<\/div>\n<div style=\"text-align: justify;\">\n<\/div>\n<div style=\"text-align: justify;\">\nContinue acessando o Blog, estamos colhendo mais informa\u00e7\u00f5es e atualizando.<\/div>\n","protected":false},"excerpt":{"rendered":"<p>Fotos de grupos de WhatsApp O acidente foi registrado neste domingo (30), na BR-232, no sentido Caruaru\/Bezerros. Segundo informa\u00e7\u00f5es de&hellip;<\/p>\n","protected":false},"author":1,"featured_media":0,"comment_status":"open","ping_status":"open","sticky":false,"template":"","format":"standard","meta":{"footnotes":""},"categories":[1],"tags":[2,1112,6],"class_list":["post-1157","post","type-post","status-publish","format-standard","hentry","category-sem-categoria","tag-blog-do-edvaldo-magalhaes","tag-colisao-entre-carro-e-moto-com-vitima-fatal-na-br-232","tag-noticias"],"_links":{"self":[{"href":"https:\/\/blogdoedvaldomagalhaes.com.br\/index.php\/wp-json\/wp\/v2\/posts\/1157","targetHints":{"allow":["GET"]}}],"collection":[{"href":"https:\/\/blogdoedvaldomagalhaes.com.br\/index.php\/wp-json\/wp\/v2\/posts"}],"about":[{"href":"https:\/\/blogdoedvaldomagalhaes.com.br\/index.php\/wp-json\/wp\/v2\/types\/post"}],"author":[{"embeddable":true,"href":"https:\/\/blogdoedvaldomagalhaes.com.br\/index.php\/wp-json\/wp\/v2\/users\/1"}],"replies":[{"embeddable":true,"href":"https:\/\/blogdoedvaldomagalhaes.com.br\/index.php\/wp-json\/wp\/v2\/comments?post=1157"}],"version-history":[{"count":1,"href":"https:\/\/blogdoedvaldomagalhaes.com.br\/index.php\/wp-json\/wp\/v2\/posts\/1157\/revisions"}],"predecessor-version":[{"id":34499,"href":"https:\/\/blogdoedvaldomagalhaes.com.br\/index.php\/wp-json\/wp\/v2\/posts\/1157\/revisions\/34499"}],"wp:attachment":[{"href":"https:\/\/blogdoedvaldomagalhaes.com.br\/index.php\/wp-json\/wp\/v2\/media?parent=1157"}],"wp:term":[{"taxonomy":"category","embeddable":true,"href":"https:\/\/blogdoedvaldomagalhaes.com.br\/index.php\/wp-json\/wp\/v2\/categories?post=1157"},{"taxonomy":"post_tag","embeddable":true,"href":"https:\/\/blogdoedvaldomagalhaes.com.br\/index.php\/wp-json\/wp\/v2\/tags?post=1157"}],"curies":[{"name":"wp","href":"https:\/\/api.w.org\/{rel}","templated":true}]}}