{"id":115547,"date":"2024-12-31T11:42:07","date_gmt":"2024-12-31T14:42:07","guid":{"rendered":"https:\/\/blogdoedvaldomagalhaes.com.br\/?p=115547"},"modified":"2024-12-31T11:42:07","modified_gmt":"2024-12-31T14:42:07","slug":"confira-alteracoes-no-transito-a-partir-do-dia-2-de-janeiro-em-caruaru","status":"publish","type":"post","link":"https:\/\/blogdoedvaldomagalhaes.com.br\/index.php\/2024\/12\/31\/confira-alteracoes-no-transito-a-partir-do-dia-2-de-janeiro-em-caruaru\/","title":{"rendered":"Confira altera\u00e7\u00f5es no tr\u00e2nsito a partir do dia 2 de janeiro em Caruaru"},"content":{"rendered":"<p><span style=\"font-size: revert;\">A Autarquia de Mobilidade, Tr\u00e2nsito e Transporte de Caruaru (AMTTC), por meio de estudos t\u00e9cnicos de tr\u00e1fego e visando melhorar a fluidez nas vias, resolve implementar, a partir da quinta-feira (02), mudan\u00e7as no tr\u00e2nsito na cidade de Caruaru. O objetivo dessas altera\u00e7\u00f5es \u00e9 melhorar o fluxo de ve\u00edculos, aumentar a seguran\u00e7a e otimizar a mobilidade urbana.<\/span><\/p>\n<p>A primeira mudan\u00e7a ser\u00e1 no entorno do Pal\u00e1cio Jaime Nejaim. Os condutores que v\u00eam da Avenida Rio Branco sentido Prefeitura Municipal seguir\u00e3o o fluxo normal pela Rua D\u00e1cio Esp\u00f3sito de Lira, sendo proibido entrar \u00e0 direita na Pra\u00e7a Teot\u00f4nio Vilela. Os condutores dever\u00e3o seguir em frente at\u00e9 a rua Porto Alegre.<\/p>\n<p>J\u00e1 os condutores que v\u00eam sentido CDL\/prefeitura, poder\u00e3o seguir em frente pela pra\u00e7a Teot\u00f4nio Vilela, sentido a Rua D\u00e1cio Esp\u00f3sito ou seguir direto pela Rua Jo\u00e3o Tupinamb\u00e1 (rua do antigo cinema Maciel) at\u00e9 a Rua Porto Alegre, sendo proibido entrar \u00e0 esquerda no lado superior da Pra\u00e7a.<\/p>\n<p>Na Avenida Rio Branco, ser\u00e1 proibido estacionar ve\u00edculos no trecho entre a loja Cacau Show e a farm\u00e1cia Maur\u00edcio. A medida \u00e9 necess\u00e1ria para garantir a fluidez do tr\u00e1fego e a seguran\u00e7a de motoristas e pedestres, uma vez que o espa\u00e7o dispon\u00edvel para circula\u00e7\u00e3o fica reduzido devido ao estreitamento da via. Com o estacionamento na avenida, principalmente nesse trecho, perde-se uma faixa de circula\u00e7\u00e3o.<\/p>\n<p>Outra mudan\u00e7a que ir\u00e1 beneficiar a popula\u00e7\u00e3o ser\u00e1 na Rua Benjamim Larena, que continua m\u00e3o dupla, tendo a proibi\u00e7\u00e3o de estacionamento a faixa da direita no sentido centro da cidade. No Bairro Universit\u00e1rio, a Avenida Cear\u00e1, entre o Rotary Clube e o The Garden, passa a ser m\u00e3o \u00fanica, assim como a Avenida Lindice. A Avenida Monte Cassino tamb\u00e9m passar\u00e1 a ser m\u00e3o \u00fanica sentido Avenida Lindice.<\/p>\n<p>\u201cGostaria de refor\u00e7ar \u00e0 popula\u00e7\u00e3o a import\u00e2ncia das mudan\u00e7as que est\u00e3o sendo implementadas no tr\u00e2nsito de nossa cidade. As altera\u00e7\u00f5es no sentido de circula\u00e7\u00e3o e a proibi\u00e7\u00e3o de estacionamento em trechos estrat\u00e9gicos foram cuidadosamente planejadas para melhorar a fluidez do tr\u00e2nsito e garantir mais seguran\u00e7a. Sabemos que toda mudan\u00e7a exige adapta\u00e7\u00e3o, mas estamos confiantes de que essas medidas trar\u00e3o benef\u00edcios significativos para a mobilidade urbana\u201d, comentou o presidente da AMTTC, Edson N\u00f3brega.<br \/>\nSiga o Instagram do Blog e comente @blogdoedvaldomagalhaes.<br \/>\nMapa divulga\u00e7\u00e3o AMTTC<\/p>\n","protected":false},"excerpt":{"rendered":"<p>A Autarquia de Mobilidade, Tr\u00e2nsito e Transporte de Caruaru (AMTTC), por meio de estudos t\u00e9cnicos de tr\u00e1fego e visando melhorar&hellip;<\/p>\n","protected":false},"author":1,"featured_media":58529,"comment_status":"closed","ping_status":"open","sticky":false,"template":"","format":"standard","meta":{"footnotes":""},"categories":[14120],"tags":[29440,27410,28801],"class_list":["post-115547","post","type-post","status-publish","format-standard","has-post-thumbnail","hentry","category-noticias","tag-blog-com-mais-visualizacao","tag-blog-de-caruaru","tag-blog-mais-acessado"],"_links":{"self":[{"href":"https:\/\/blogdoedvaldomagalhaes.com.br\/index.php\/wp-json\/wp\/v2\/posts\/115547","targetHints":{"allow":["GET"]}}],"collection":[{"href":"https:\/\/blogdoedvaldomagalhaes.com.br\/index.php\/wp-json\/wp\/v2\/posts"}],"about":[{"href":"https:\/\/blogdoedvaldomagalhaes.com.br\/index.php\/wp-json\/wp\/v2\/types\/post"}],"author":[{"embeddable":true,"href":"https:\/\/blogdoedvaldomagalhaes.com.br\/index.php\/wp-json\/wp\/v2\/users\/1"}],"replies":[{"embeddable":true,"href":"https:\/\/blogdoedvaldomagalhaes.com.br\/index.php\/wp-json\/wp\/v2\/comments?post=115547"}],"version-history":[{"count":1,"href":"https:\/\/blogdoedvaldomagalhaes.com.br\/index.php\/wp-json\/wp\/v2\/posts\/115547\/revisions"}],"predecessor-version":[{"id":115548,"href":"https:\/\/blogdoedvaldomagalhaes.com.br\/index.php\/wp-json\/wp\/v2\/posts\/115547\/revisions\/115548"}],"wp:featuredmedia":[{"embeddable":true,"href":"https:\/\/blogdoedvaldomagalhaes.com.br\/index.php\/wp-json\/wp\/v2\/media\/58529"}],"wp:attachment":[{"href":"https:\/\/blogdoedvaldomagalhaes.com.br\/index.php\/wp-json\/wp\/v2\/media?parent=115547"}],"wp:term":[{"taxonomy":"category","embeddable":true,"href":"https:\/\/blogdoedvaldomagalhaes.com.br\/index.php\/wp-json\/wp\/v2\/categories?post=115547"},{"taxonomy":"post_tag","embeddable":true,"href":"https:\/\/blogdoedvaldomagalhaes.com.br\/index.php\/wp-json\/wp\/v2\/tags?post=115547"}],"curies":[{"name":"wp","href":"https:\/\/api.w.org\/{rel}","templated":true}]}}