{"id":115544,"date":"2024-12-31T10:02:35","date_gmt":"2024-12-31T13:02:35","guid":{"rendered":"https:\/\/blogdoedvaldomagalhaes.com.br\/?p=115544"},"modified":"2024-12-31T10:02:35","modified_gmt":"2024-12-31T13:02:35","slug":"prefeitura-de-caruaru-nomeia-novos-servidores-em-janeiro-de-2025-e-divulga-novos-cargos-do-maior-concurso-da-historia-da-cidade","status":"publish","type":"post","link":"https:\/\/blogdoedvaldomagalhaes.com.br\/index.php\/2024\/12\/31\/prefeitura-de-caruaru-nomeia-novos-servidores-em-janeiro-de-2025-e-divulga-novos-cargos-do-maior-concurso-da-historia-da-cidade\/","title":{"rendered":"Prefeitura de Caruaru nomeia novos servidores em Janeiro de 2025 e divulga novos cargos do maior concurso da hist\u00f3ria da cidade"},"content":{"rendered":"<p><span style=\"font-size: revert;\">Em 2024, a Prefeitura de Caruaru marcou um cap\u00edtulo in\u00e9dito na hist\u00f3ria da cidade ao realizar o maior concurso p\u00fablico j\u00e1 registrado no munic\u00edpio. O processo seletivo ofereceu oportunidades em diversas \u00e1reas estrat\u00e9gicas da administra\u00e7\u00e3o p\u00fablica.<\/span><\/p>\n<p>A partir de janeiro de 2025, mais aprovados ser\u00e3o oficialmente nomeados, fortalecendo setores essenciais da gest\u00e3o municipal.Entre os cargos ser\u00e3o nomeados Professor I, com 110 e Professor II com 55 novos concursados.Esses profissionais ir\u00e3o atuar diretamente na melhoria da qualidade da educa\u00e7\u00e3o p\u00fablica da cidade, atendendo \u00e0 crescente demanda por qualifica\u00e7\u00e3o e expans\u00e3o da rede escolar.<\/p>\n<p>Al\u00e9m disso, foram destinadas 45 vagas para m\u00e9dicos, refor\u00e7ando a aten\u00e7\u00e3o b\u00e1sica e especializada na sa\u00fade municipal, e 10 para Profissionais de Apoio Escolar (PAE), ampliando o suporte \u00e0s crian\u00e7as com necessidades especiais. A \u00e1rea administrativa tamb\u00e9m ser\u00e1 beneficiada com a chegada de novos auxiliares, engenheiros e t\u00e9cnicos, incluindo 4 monitores de transporte, que contribuir\u00e3o para maior seguran\u00e7a e efici\u00eancia no transporte escolar.<\/p>\n<p>Outras \u00e1reas contempladas incluem Auxiliar Administrativo (4 vagas), Auxiliar de Manuten\u00e7\u00e3o (2), Engenheiro Cl\u00ednico (1), Analista Jur\u00eddico (1), Analista Cont\u00e1bil (1), Contador (1) e T\u00e9cnico Fazend\u00e1rio (2). A diversidade de cargos reflete a prioridade do munic\u00edpio em investir em \u00e1reas fundamentais para o desenvolvimento de Caruaru.<\/p>\n<p>De acordo com a secret\u00e1ria de administra\u00e7\u00e3o, Michely Martins, a nomea\u00e7\u00e3o dos concursados em janeiro de 2025 simboliza um compromisso com a valoriza\u00e7\u00e3o do servi\u00e7o p\u00fablico e com a melhoria da qualidade dos servi\u00e7os oferecidos \u00e0 popula\u00e7\u00e3o. \u201cEsse concurso \u00e9 um marco hist\u00f3rico para Caruaru, pois representa n\u00e3o apenas a amplia\u00e7\u00e3o do quadro de servidores, mas tamb\u00e9m a garantia de que teremos profissionais qualificados para atender \u00e0s demandas da nossa cidade\u201d, destacou Michely.<br \/>\nSiga o Instagram do Blog e comente pelo @blogdoedvaldomagalhaes<br \/>\nFoto: Divulga\u00e7\u00e3o<\/p>\n","protected":false},"excerpt":{"rendered":"<p>Em 2024, a Prefeitura de Caruaru marcou um cap\u00edtulo in\u00e9dito na hist\u00f3ria da cidade ao realizar o maior concurso p\u00fablico&hellip;<\/p>\n","protected":false},"author":1,"featured_media":115545,"comment_status":"closed","ping_status":"open","sticky":false,"template":"","format":"standard","meta":{"footnotes":""},"categories":[14120],"tags":[30253,30592,13146,28801,20,32408],"class_list":["post-115544","post","type-post","status-publish","format-standard","has-post-thumbnail","hentry","category-noticias","tag-blog-caruaru","tag-blog-com-mais-seguidores","tag-blog-edvaldo-magalhaes","tag-blog-mais-acessado","tag-politica","tag-prefeitura-de-caruaru-nomeia-novos-servidores-em-janeiro-de-2025"],"_links":{"self":[{"href":"https:\/\/blogdoedvaldomagalhaes.com.br\/index.php\/wp-json\/wp\/v2\/posts\/115544","targetHints":{"allow":["GET"]}}],"collection":[{"href":"https:\/\/blogdoedvaldomagalhaes.com.br\/index.php\/wp-json\/wp\/v2\/posts"}],"about":[{"href":"https:\/\/blogdoedvaldomagalhaes.com.br\/index.php\/wp-json\/wp\/v2\/types\/post"}],"author":[{"embeddable":true,"href":"https:\/\/blogdoedvaldomagalhaes.com.br\/index.php\/wp-json\/wp\/v2\/users\/1"}],"replies":[{"embeddable":true,"href":"https:\/\/blogdoedvaldomagalhaes.com.br\/index.php\/wp-json\/wp\/v2\/comments?post=115544"}],"version-history":[{"count":1,"href":"https:\/\/blogdoedvaldomagalhaes.com.br\/index.php\/wp-json\/wp\/v2\/posts\/115544\/revisions"}],"predecessor-version":[{"id":115546,"href":"https:\/\/blogdoedvaldomagalhaes.com.br\/index.php\/wp-json\/wp\/v2\/posts\/115544\/revisions\/115546"}],"wp:featuredmedia":[{"embeddable":true,"href":"https:\/\/blogdoedvaldomagalhaes.com.br\/index.php\/wp-json\/wp\/v2\/media\/115545"}],"wp:attachment":[{"href":"https:\/\/blogdoedvaldomagalhaes.com.br\/index.php\/wp-json\/wp\/v2\/media?parent=115544"}],"wp:term":[{"taxonomy":"category","embeddable":true,"href":"https:\/\/blogdoedvaldomagalhaes.com.br\/index.php\/wp-json\/wp\/v2\/categories?post=115544"},{"taxonomy":"post_tag","embeddable":true,"href":"https:\/\/blogdoedvaldomagalhaes.com.br\/index.php\/wp-json\/wp\/v2\/tags?post=115544"}],"curies":[{"name":"wp","href":"https:\/\/api.w.org\/{rel}","templated":true}]}}