{"id":115541,"date":"2024-12-31T09:20:17","date_gmt":"2024-12-31T12:20:17","guid":{"rendered":"https:\/\/blogdoedvaldomagalhaes.com.br\/?p=115541"},"modified":"2024-12-31T09:20:17","modified_gmt":"2024-12-31T12:20:17","slug":"ausencia-de-chuvas-e-altas-temperaturas-provocam-mudancas-no-abastecimento-de-agua","status":"publish","type":"post","link":"https:\/\/blogdoedvaldomagalhaes.com.br\/index.php\/2024\/12\/31\/ausencia-de-chuvas-e-altas-temperaturas-provocam-mudancas-no-abastecimento-de-agua\/","title":{"rendered":"Aus\u00eancia de chuvas e altas temperaturas provocam mudan\u00e7as no abastecimento de \u00e1gua"},"content":{"rendered":"<p><em style=\"font-size: revert;\"><span data-originalfontsize=\"12pt\" data-originalcomputedfontsize=\"16\">Medidas emergenciais est\u00e3o sendo adotadas para assegurar o atendimento \u00e0 popula\u00e7\u00e3o at\u00e9 a pr\u00f3xima quadra chuvosa<\/span><\/em><\/p>\n<p><span data-originalfontsize=\"12pt\" data-originalcomputedfontsize=\"16\">O per\u00edodo de estiagem e a eleva\u00e7\u00e3o sustentada das ondas de calor j\u00e1 impactam fortemente os n\u00edveis de armazenamento dos mananciais em Pernambuco. As altas temperaturas, que implicam aumento da evapora\u00e7\u00e3o das \u00e1guas armazenadas, por outro lado, precipitam o crescimento do consumo. Dos 172 mananciais operados para a abastecimento humano no Estado, 54 capta\u00e7\u00f5es est\u00e3o em n\u00edvel cr\u00edtico ou de alerta. Considerando ainda as previs\u00f5es clim\u00e1ticas para o pr\u00f3ximo trimestre, que indicam acumulado de chuva de normal a abaixo do normal e temperaturas acima da m\u00e9dia para todo o estado, a Secretaria de Saneamento e Recursos H\u00eddricos e APAC emitiram alerta de contingenciamento h\u00eddrico em v\u00e1rias cidades pernambucanas, com reflexo no abastecimento de \u00e1gua. Para enfrentar a situa\u00e7\u00e3o de escassez de chuvas, a Compesa precisou realizar ajustes operacionais nos sistemas afetados e promover altera\u00e7\u00e3o de calend\u00e1rios de abastecimento com o objetivo de assegurar o atendimento sustentado das regi\u00f5es nos meses de janeiro, fevereiro e mar\u00e7o, que \u00e9 o per\u00edodo que antecede a quadra chuvosa. A medida ser\u00e1 amparada em a\u00e7\u00f5es emergenciais propostas pela Companhia. <\/span><\/p>\n<p><span data-originalfontsize=\"12pt\" data-originalcomputedfontsize=\"16\">A situa\u00e7\u00e3o de alerta em Pernambuco devido \u00e0 escassez de chuvas foi apresentada ontem (30), em coletiva, na sede da Ag\u00eancia Pernambucana de \u00c1guas e Clima (APAC), bairro de Santo Amaro, Recife. As explica\u00e7\u00f5es foram repassadas perlo secret\u00e1rio de Recursos H\u00eddricos e Saneamento, Almir Cirilo e \u00a0o presidente da Compesa, Alex Campos. \u00a0A presidente em exerc\u00edcio da APAC, Crystianne Rosal e o secret\u00e1rio Executivo de Prote\u00e7\u00e3o e Defesa Civil, coronel Cl\u00f3vis Ramalho tamb\u00e9m contextualizaram a quest\u00e3o h\u00eddrica atual.<\/span><\/p>\n<p><span data-originalfontsize=\"12pt\" data-originalcomputedfontsize=\"16\">Para mitigar os efeitos da aus\u00eancia de chuvas, medidas emergenciais est\u00e3o sendo <\/span><span data-originalfontsize=\"12pt\" data-originalcomputedfontsize=\"16\">adotadas pela Compesa, <\/span><span data-originalfontsize=\"12pt\" data-originalcomputedfontsize=\"16\">como refor\u00e7o da frota de carros-pipa. Uma nova fase de credenciamento de pipeiros para atendimento em v\u00e1rios munic\u00edpios ser\u00e1 iniciada na pr\u00f3xima quinta-feira (2\/01). Para agilizar a contrata\u00e7\u00e3o, a Compesa est\u00e1 disponibilizando um telefone exclusivo para o atendimento dos pipeiros interessados, prestando informa\u00e7\u00f5es e orienta\u00e7\u00f5es para o cadastramento emergencial dos ve\u00edculos. O atendimento ser\u00e1 pelo telefone 81 3412 9722, de segunda a sexta-feira, no hor\u00e1rio das 08h \u00e0s 12h e das 13h \u00e0s 17h. A medida \u00e9 uma das a\u00e7\u00f5es definidas para o enfrentamento ao estado de alerta devido \u00e0 escassez de chuvas e baixo n\u00edvel de diversos mananciais. Esse suporte servir\u00e1 para complementa\u00e7\u00e3o do abastecimento nas cidades com maior dificuldade h\u00eddrica.<\/span><\/p>\n<p><span data-originalfontsize=\"12pt\" data-originalcomputedfontsize=\"16\">Al\u00e9m da a\u00e7\u00e3o para atendimento complementar da popula\u00e7\u00e3o via carro-pipa, obras estruturantes est\u00e3o em via de entrega para dar garantia e seguran\u00e7a h\u00eddrica do abastecimento, como as adutoras do Agreste e Serro Azul, al\u00e9m das obras complementares da Adutora do Alto Capibaribe, entregue neste m\u00eas. Tamb\u00e9m est\u00e3o sendo refor\u00e7adas as equipes de manuten\u00e7\u00e3o para atuar de forma ainda mais r\u00e1pida no conserto de vazamentos e combater o desperd\u00edcio. A ativa\u00e7\u00e3o de capta\u00e7\u00f5es antigas e novas obras ainda est\u00e3o em execu\u00e7\u00e3o para evitar que cen\u00e1rios como este voltem a ocorrer no futuro.<\/span><\/p>\n<p><strong><span data-originalfontsize=\"12pt\" data-originalcomputedfontsize=\"16\">SITUA\u00c7\u00c3O DOS MUNIC\u00cdPIOS<\/span><\/strong><\/p>\n<p><span data-originalfontsize=\"12pt\" data-originalcomputedfontsize=\"16\">As situa\u00e7\u00f5es que requerem aten\u00e7\u00e3o no abastecimento est\u00e3o concentradas no Agreste, Zona da Mata, Sert\u00e3o e parte da Regi\u00e3o Metropolitana do Recife (RMR) em virtude do baixo n\u00edvel de algumas barragens. S\u00e3o 16 mananciais em n\u00edvel cr\u00edtico no Sert\u00e3o, Agreste e Zona da Mata pernambucana e que j\u00e1 impactam o abastecimento de 14 munic\u00edpios: Agreste \u2013 \u00c1gua Belas, Cal\u00e7ado, Ch\u00e3 Grande, Gravat\u00e1, Jurema, Lajedo e Salo\u00e1. Matas \u2013 Camutanga, Ch\u00e3 de Alegria, Ferreiros, Ribeir\u00e3o, Timba\u00faba e Vic\u00eancia. Sert\u00e3o \u2013 Santa Filomena.<\/span><\/p>\n<p><span data-originalfontsize=\"12pt\" data-originalcomputedfontsize=\"16\">Outros 38 mananciais nessas regi\u00f5es e tamb\u00e9m na RMR est\u00e3o em n\u00edvel de alerta. Esses s\u00e3o respons\u00e1veis pelo atendimento de 48 munic\u00edpios pernambucanos: Agreste \u2013 Bel\u00e9m de Maria, Belo Jardim, Bezerros, Camocim de S\u00e3o F\u00e9lix, Canhotinho, Capoeiras, Caruaru, Casinhas, Cumaru, Frei Miguelinho, Gravat\u00e1, Machados, Panelas, Paranatama, Passira, Po\u00e7\u00e3o, Riacho das Almas, Sair\u00e9, Salgadinho, Santa Maria do Cambuc\u00e1, Surubim, Taquaritinga do Norte, Toritama e Vertentes. Matas \u2013 Bom Jardim, Escada, Jo\u00e3o Alfredo, Limoeiro, Macaparana, Machados, Nazar\u00e9 da Mata, Orob\u00f3, Pombos, Sirinha\u00e9m e Vit\u00f3ria de Santo Ant\u00e3o. Sert\u00e3o \u2013 Afr\u00e2nio, Dormentes, Santa Cruz e Santa Terezinha. RMR \u2013 Abreu e Lima, Ara\u00e7oiaba, Cabo de Santo Agostinho, Camaragibe, Igarassu, Ipojuca, Moreno, Paulista e S\u00e3o Louren\u00e7o da Mata.<\/span><\/p>\n<p><span data-originalfontsize=\"12pt\" data-originalcomputedfontsize=\"16\">Dentre os mananciais em situa\u00e7\u00e3o cr\u00edtica est\u00e3o tamb\u00e9m as capta\u00e7\u00f5es a fio d&#8217;\u00e1gua que s\u00e3o alimentadas pelos rios, a exemplo de Gravat\u00e1, no Agreste. A cidade \u00e9 abastecida atualmente por quatro mananciais. Amaraji, que \u00e9 uma barragem de acumula\u00e7\u00e3o e est\u00e1 com 100% da capacidade, e outras tr\u00eas barragens de n\u00edvel, que est\u00e3o em colapso, mas s\u00e3o fundamentais para o Sistema de Abastecimento de Gravat\u00e1. No Agreste, a situa\u00e7\u00e3o \u00e9 ainda mais sens\u00edvel diante da seca severa (j\u00e1 considerada hist\u00f3rica) que se abate a regi\u00e3o. Os n\u00edveis das barragens da regi\u00e3o v\u00eam baixando de maneira significativa, fora dos padr\u00f5es de anos anteriores.<\/span><\/p>\n<p><span data-originalfontsize=\"12pt\" data-originalcomputedfontsize=\"16\">S<\/span><span data-originalfontsize=\"12pt\" data-originalcomputedfontsize=\"16\">itua\u00e7\u00e3o cr\u00edtica ocorre no munic\u00edpio de \u00c1guas Belas, tamb\u00e9m no Agreste. A cidade \u00e9 atendida por uma pequena barragem de n\u00edvel, a Barragem Lamar\u00e3o. Assim como acontece todos os anos, sem chuva, o manancial chega ao seu n\u00edvel mais cr\u00edtico com tend\u00eancia a colapsar nos pr\u00f3ximos dias. Por isso, uma a\u00e7\u00e3o emergencial ser\u00e1 realizada para manter o abastecimento de \u00e1gua em 30% da cidade pela rede de distribui\u00e7\u00e3o, especialmente nas \u00e1reas onde se concentram hospitais, escolas e pr\u00e9dios p\u00fablicos. Trata-se da amplia\u00e7\u00e3o da capacidade dos po\u00e7os da Baixa Funda, localizados em Tupanatinga, iniciativa que deve ser finalizada em 15 dias.<\/span><\/p>\n<p><span data-originalfontsize=\"12pt\" data-originalcomputedfontsize=\"16\">Outra quest\u00e3o preocupante que mereceu alerta diz respeito aos munic\u00edpios do Cabo de Santo Agostinho e Ipojuca, na Regi\u00e3o Metropolitana do Recife. As barragens Bita (13%) e Utinga (14%), que comp\u00f5em o Sistema de Abastecimento de Suape, atingiram n\u00edveis muito abaixo da capta\u00e7\u00e3o, o que afetou diretamente o abastecimento no Cabo de Santo Agostinho. Para manter o atendimento das \u00e1reas que antes recebiam \u00e1gua do Sistema Suape, a Compesa precisou direcionar \u00e1gua do Sistema Pirapama para essas localidades. Essa medida j\u00e1 implica em um d\u00e9ficit h\u00eddrico de 120 litros de \u00e1gua por segundo para o munic\u00edpio. Pirapama, que antes era respons\u00e1vel pelo abastecimento de \u00e1gua do centro do Cabo e \u00e1reas do entorno, agora atende tamb\u00e9m as \u00e1reas que recebiam \u00e1gua de Suape.<\/span><\/p>\n<p><span data-originalfontsize=\"12pt\" data-originalcomputedfontsize=\"16\">De acordo com o presidente da Compesa, Alex Campos, as mudan\u00e7as no esquema de distribui\u00e7\u00e3o de \u00e1gua nas cidades s\u00e3o necess\u00e1rias diante da escassez de \u00e1gua, mas ser\u00e3o reavaliadas com o in\u00edcio da quadra chuvosa. \u201cNossas equipes t\u00e9cnicas continuar\u00e3o monitorando os mananciais e qualquer altera\u00e7\u00e3o no quadro atual, como \u00e9 esperado com o in\u00edcio da quadra chuvosa a partir de mar\u00e7o, ser\u00e1 prontamente revertida na diminui\u00e7\u00e3o dos rod\u00edzios, que nesse momento s\u00e3o inevit\u00e1veis. Entretanto, o uso consciente e racional da \u00e1gua agora ser\u00e1 fundamental para atravessarmos esse momento. A conscientiza\u00e7\u00e3o pode evitar desperd\u00edcios e contribuir para a gest\u00e3o sustent\u00e1vel dos recursos h\u00eddricos que temos dispon\u00edveis\u201d, alertou.<\/span><\/p>\n<p><span data-originalfontsize=\"12pt\" data-originalcomputedfontsize=\"16\">Os calend\u00e1rios de abastecimento est\u00e3o sendo atualizados de acordo com o monitoramento dos reservat\u00f3rios e entram em vigor a partir da pr\u00f3xima sexta-feira (3) nas cidades impactadas pela redu\u00e7\u00e3o dos n\u00edveis dos mananciais. Eles podem ser consultados nos canais oficiais da empresa: site (<a href=\"http:\/\/www.compesa.com.br\/\" data-saferedirecturl=\"https:\/\/www.google.com\/url?q=http:\/\/www.compesa.com.br&amp;source=gmail&amp;ust=1735733470545000&amp;usg=AOvVaw042NcJMmvYkdbXchcPJBwL\" data-removefontsize=\"true\" data-originalcomputedfontsize=\"16\">www.compesa.com.br<\/a>), aplicativo e canal de atendimento 0800 081 0195.<\/span><\/p>\n<p><strong><span data-originalfontsize=\"12pt\" data-originalcomputedfontsize=\"16\">A\u00c7\u00d5ES EM CURSO<\/span><\/strong><\/p>\n<p><span data-originalfontsize=\"12pt\" data-originalcomputedfontsize=\"16\">Cabo de Santo Agostinho e Ipojuca \u2013 As a\u00e7\u00f5es em curso para assegurar o atendimento nesses munic\u00edpios, devido \u00e0 situa\u00e7\u00e3o das barragens Bita e Utinga, atualmente com 13% e 14% de acumula\u00e7\u00e3o respectivamente, recebem aporte de R$ 48 milh\u00f5es. S\u00e3o elas: reativa\u00e7\u00e3o da capta\u00e7\u00e3o do rio Ipojuca; Reativa\u00e7\u00e3o da Esta\u00e7\u00e3o de Tratamento de \u00c1gua ETA Porto de Galinhas; Retrofit dos Sistemas Pirapama e Gurja\u00fa; Amplia\u00e7\u00e3o do Sistema de Suape a partir da implanta\u00e7\u00e3o da 2\u00aa capta\u00e7\u00e3o no rio Ipojuca. Al\u00e9m disso, implanta\u00e7\u00e3o do calend\u00e1rio de abastecimento; Fornecimento de carros-pipa; Combate aos furtos; Combate aos desperd\u00edcios por vazamentos.<\/span><\/p>\n<p><span data-originalfontsize=\"12pt\" data-originalcomputedfontsize=\"16\">Jucazinho \u2013 O abastecimento dos 15 munic\u00edpios atendidos pela Barragem de Jucazinho, no Agreste, hoje com 7% de n\u00edvel, tamb\u00e9m est\u00e1 sendo refor\u00e7ado. Para combater as implica\u00e7\u00f5es do baixo n\u00edvel do manancial, est\u00e3o sendo investidos R$ 369 milh\u00f5es com aporte do Governo do Estado. Dentre as a\u00e7\u00f5es: a ativa\u00e7\u00e3o da Adutora do Alto Capibaribe, entregue neste m\u00eas; Conclus\u00e3o da Adutora de Serro Azul (j\u00e1 est\u00e1 em testes); Incremento de 400 litros por segundo para Caruaru, a partir de novo ramal da Adutora do Agreste (ETAs Salgado e Bela Vista \u2013 1\u00ba semestre\/2025); Conclus\u00e3o das Adutoras do Agreste (Trechos Caruaru a Gravat\u00e1 e ETA Salgado a Santa Cruz do Capibaribe); Reativa\u00e7\u00e3o da elevat\u00f3ria do rio Sirinha\u00e9m para Bezerros; mais 24 obras que beneficiam munic\u00edpios atendidos pelo Sistema Jucazinho.<\/span><\/p>\n<p style=\"font-weight: 400;\"><span data-originalfontsize=\"12pt\" data-originalcomputedfontsize=\"16\">\u00c1guas Belas \u2013 O munic\u00edpio de \u00c1guas Belas \u00e9 atendido por uma pequena barragem de n\u00edvel, a Barragem de Lamar\u00e3o, que entrou em colapso. Para manter o atendimento da cidade, a Compesa fez a troca das bombas de 3 po\u00e7os do sistema integrado Tupanatinga\/Ita\u00edba. Esta a\u00e7\u00e3o permitiu um aumento de vaz\u00e3o que vai possibilitar atender a cidade de \u00c1guas Belas com uma vaz\u00e3o de 15 litros por segundo, evitando o colapso do sistema. Al\u00e9m desta vaz\u00e3o que vai garantir o abastecimento da \u00e1rea central da cidade, a Compesa j\u00e1 est\u00e1 com sete carros-pipa atendendo a zona perif\u00e9rica da cidade. Para resolver em car\u00e1ter definitivo a quest\u00e3o de abastecimento do munic\u00edpio, o Governo de Pernambuco autorizou a Compesa a publicar em janeiro o edital para a retomada da obra da Adutora do Agreste, que beneficiar\u00e1, al\u00e9m de \u00c1guas Belas, outras cidades da regi\u00e3o, um investimento previsto de R$ 30 milh\u00f5es.<br \/>\nSiga o Instagram do Blog e comente pelo @blogdoedvaldomagalhaes<br \/>\nFoto: Divulga\u00e7\u00e3o\/Compesa<\/span><\/p>\n","protected":false},"excerpt":{"rendered":"<p>Medidas emergenciais est\u00e3o sendo adotadas para assegurar o atendimento \u00e0 popula\u00e7\u00e3o at\u00e9 a pr\u00f3xima quadra chuvosa O per\u00edodo de estiagem&hellip;<\/p>\n","protected":false},"author":1,"featured_media":115542,"comment_status":"closed","ping_status":"open","sticky":false,"template":"","format":"standard","meta":{"footnotes":""},"categories":[14120],"tags":[28803,27410,2,28801],"class_list":["post-115541","post","type-post","status-publish","format-standard","has-post-thumbnail","hentry","category-noticias","tag-blog-com-mais-visualizacoes","tag-blog-de-caruaru","tag-blog-do-edvaldo-magalhaes","tag-blog-mais-acessado"],"_links":{"self":[{"href":"https:\/\/blogdoedvaldomagalhaes.com.br\/index.php\/wp-json\/wp\/v2\/posts\/115541","targetHints":{"allow":["GET"]}}],"collection":[{"href":"https:\/\/blogdoedvaldomagalhaes.com.br\/index.php\/wp-json\/wp\/v2\/posts"}],"about":[{"href":"https:\/\/blogdoedvaldomagalhaes.com.br\/index.php\/wp-json\/wp\/v2\/types\/post"}],"author":[{"embeddable":true,"href":"https:\/\/blogdoedvaldomagalhaes.com.br\/index.php\/wp-json\/wp\/v2\/users\/1"}],"replies":[{"embeddable":true,"href":"https:\/\/blogdoedvaldomagalhaes.com.br\/index.php\/wp-json\/wp\/v2\/comments?post=115541"}],"version-history":[{"count":1,"href":"https:\/\/blogdoedvaldomagalhaes.com.br\/index.php\/wp-json\/wp\/v2\/posts\/115541\/revisions"}],"predecessor-version":[{"id":115543,"href":"https:\/\/blogdoedvaldomagalhaes.com.br\/index.php\/wp-json\/wp\/v2\/posts\/115541\/revisions\/115543"}],"wp:featuredmedia":[{"embeddable":true,"href":"https:\/\/blogdoedvaldomagalhaes.com.br\/index.php\/wp-json\/wp\/v2\/media\/115542"}],"wp:attachment":[{"href":"https:\/\/blogdoedvaldomagalhaes.com.br\/index.php\/wp-json\/wp\/v2\/media?parent=115541"}],"wp:term":[{"taxonomy":"category","embeddable":true,"href":"https:\/\/blogdoedvaldomagalhaes.com.br\/index.php\/wp-json\/wp\/v2\/categories?post=115541"},{"taxonomy":"post_tag","embeddable":true,"href":"https:\/\/blogdoedvaldomagalhaes.com.br\/index.php\/wp-json\/wp\/v2\/tags?post=115541"}],"curies":[{"name":"wp","href":"https:\/\/api.w.org\/{rel}","templated":true}]}}