{"id":115538,"date":"2024-12-30T19:57:51","date_gmt":"2024-12-30T22:57:51","guid":{"rendered":"https:\/\/blogdoedvaldomagalhaes.com.br\/?p=115538"},"modified":"2024-12-30T19:57:51","modified_gmt":"2024-12-30T22:57:51","slug":"jorge-quintino-encerra-mandato-com-grandes-conquistas-para-caruaru-e-inspiracao-para-todo-o-estado","status":"publish","type":"post","link":"https:\/\/blogdoedvaldomagalhaes.com.br\/index.php\/2024\/12\/30\/jorge-quintino-encerra-mandato-com-grandes-conquistas-para-caruaru-e-inspiracao-para-todo-o-estado\/","title":{"rendered":"Jorge Quintino encerra mandato com grandes conquistas para Caruaru e inspira\u00e7\u00e3o para todo o estado"},"content":{"rendered":"<p><span style=\"font-size: revert;\">O vereador Jorge Quintino, reeleito para mais um mandato, destacou-se como um dos principais l\u00edderes em causas sociais, sa\u00fade e inclus\u00e3o em Caruaru. Com 1.366 propostas apresentadas, ele deixa um legado de avan\u00e7os hist\u00f3ricos, que impactaram diretamente a vida dos caruaruenses e serviram de inspira\u00e7\u00e3o para outras cidades de Pernambuco, e figurando entre os mais atuantes da Casa Legislativa.<\/span><\/p>\n<p>Um dos grandes marcos do mandato foi a articula\u00e7\u00e3o para a implanta\u00e7\u00e3o do CAMPI (Centro de Apoio Multidisciplinar de Pernambuco) em Caruaru. Em di\u00e1logo com o prefeito Rodrigo Pinheiro, Jorge Quintino foi fundamental para trazer essa institui\u00e7\u00e3o ao munic\u00edpio, garantindo tratamentos essenciais para crian\u00e7as com Transtorno do Espectro Autista (TEA); A cria\u00e7\u00e3o da carteirinha de atendimento priorit\u00e1rio para pessoas com fibromialgia, uma iniciativa pioneira que come\u00e7ou em Caruaru e se tornou refer\u00eancia para todo o estado, fruto do trabalho dedicado de Jorge Quintino.<\/p>\n<p>\u201cA chegada do CAMPI e a cria\u00e7\u00e3o da carteirinha de fibromialgia s\u00e3o conquistas que me enchem de orgulho, porque s\u00e3o resultados de um trabalho constru\u00eddo com di\u00e1logo e muito empenho. Ver essas iniciativas transformarem vidas em Caruaru e servirem de exemplo para outras cidades refor\u00e7a que estamos no caminho certo\u201d, afirmou Jorge Quintino.<\/p>\n<p>Al\u00e9m dessas realiza\u00e7\u00f5es, o vereador foi respons\u00e1vel por importantes avan\u00e7os em educa\u00e7\u00e3o, cultura, sa\u00fade e mobilidade, como o aumento do piso salarial de professores e dentistas, a cria\u00e7\u00e3o de vagas de estacionamento preferenciais para pessoas autistas e a gratuidade no transporte p\u00fablico para idosos de 60 a 64 anos.<\/p>\n<p>Jorge Quintino encerra este ciclo com a certeza de ter contribu\u00eddo significativamente para uma Caruaru mais inclusiva e humana, reafirmando seu compromisso com o futuro da cidade e de sua popula\u00e7\u00e3o, avan\u00e7ando em novas pautas, como a empregabilidade e a melhoria da qualidade de vida dos idosos. Foto: Divulga\u00e7\u00e3o.<br \/>\nSiga o Instagram do Blog, para comentar pelo @blogdoedvaldomagalhaes<\/p>\n","protected":false},"excerpt":{"rendered":"<p>O vereador Jorge Quintino, reeleito para mais um mandato, destacou-se como um dos principais l\u00edderes em causas sociais, sa\u00fade e&hellip;<\/p>\n","protected":false},"author":1,"featured_media":115539,"comment_status":"closed","ping_status":"open","sticky":false,"template":"","format":"standard","meta":{"footnotes":""},"categories":[14122],"tags":[28803,27410,2,28801,9899,20],"class_list":["post-115538","post","type-post","status-publish","format-standard","has-post-thumbnail","hentry","category-politica","tag-blog-com-mais-visualizacoes","tag-blog-de-caruaru","tag-blog-do-edvaldo-magalhaes","tag-blog-mais-acessado","tag-jorge-quintino","tag-politica"],"_links":{"self":[{"href":"https:\/\/blogdoedvaldomagalhaes.com.br\/index.php\/wp-json\/wp\/v2\/posts\/115538","targetHints":{"allow":["GET"]}}],"collection":[{"href":"https:\/\/blogdoedvaldomagalhaes.com.br\/index.php\/wp-json\/wp\/v2\/posts"}],"about":[{"href":"https:\/\/blogdoedvaldomagalhaes.com.br\/index.php\/wp-json\/wp\/v2\/types\/post"}],"author":[{"embeddable":true,"href":"https:\/\/blogdoedvaldomagalhaes.com.br\/index.php\/wp-json\/wp\/v2\/users\/1"}],"replies":[{"embeddable":true,"href":"https:\/\/blogdoedvaldomagalhaes.com.br\/index.php\/wp-json\/wp\/v2\/comments?post=115538"}],"version-history":[{"count":1,"href":"https:\/\/blogdoedvaldomagalhaes.com.br\/index.php\/wp-json\/wp\/v2\/posts\/115538\/revisions"}],"predecessor-version":[{"id":115540,"href":"https:\/\/blogdoedvaldomagalhaes.com.br\/index.php\/wp-json\/wp\/v2\/posts\/115538\/revisions\/115540"}],"wp:featuredmedia":[{"embeddable":true,"href":"https:\/\/blogdoedvaldomagalhaes.com.br\/index.php\/wp-json\/wp\/v2\/media\/115539"}],"wp:attachment":[{"href":"https:\/\/blogdoedvaldomagalhaes.com.br\/index.php\/wp-json\/wp\/v2\/media?parent=115538"}],"wp:term":[{"taxonomy":"category","embeddable":true,"href":"https:\/\/blogdoedvaldomagalhaes.com.br\/index.php\/wp-json\/wp\/v2\/categories?post=115538"},{"taxonomy":"post_tag","embeddable":true,"href":"https:\/\/blogdoedvaldomagalhaes.com.br\/index.php\/wp-json\/wp\/v2\/tags?post=115538"}],"curies":[{"name":"wp","href":"https:\/\/api.w.org\/{rel}","templated":true}]}}