{"id":115534,"date":"2024-12-30T14:11:58","date_gmt":"2024-12-30T17:11:58","guid":{"rendered":"https:\/\/blogdoedvaldomagalhaes.com.br\/?p=115534"},"modified":"2024-12-30T14:21:31","modified_gmt":"2024-12-30T17:21:31","slug":"padre-fabio-de-melo-vai-gravar-seu-novo-dvd-no-marco-zero","status":"publish","type":"post","link":"https:\/\/blogdoedvaldomagalhaes.com.br\/index.php\/2024\/12\/30\/padre-fabio-de-melo-vai-gravar-seu-novo-dvd-no-marco-zero\/","title":{"rendered":"Padre F\u00e1bio de Melo vai gravar\u00a0seu novo DVD no Marco Zero"},"content":{"rendered":"<p><span style=\"font-size: revert;\">An\u00fancio foi feito durante apresenta\u00e7\u00e3o do l\u00edder religioso, na Igreja Madre de Deus, no domingo \u00e0 noite.<\/span><\/p>\n<p>O Padre F\u00e1bio de Melo vai gravar o seu pr\u00f3ximo DVD em Recife. A data j\u00e1 est\u00e1 definida: ser\u00e1 no Marco Zero, na quinta-feira depois do Carnaval. A revela\u00e7\u00e3o foi feita por Gilberto Barbosa, \u00a0fundador da Obra de Maria, durante a apresenta\u00e7\u00e3o do l\u00edder religioso, domingo \u00e0 noite, na Igreja da Madre de Deus, no bairro do Recife Antigo. \u201c\u00c9 muito importante para a cidade um evento gratuito religioso dessa magnitude\u201d, destacou Gilberto Barbosa.<\/p>\n<p>O an\u00fancio foi recebido com muito entusiasmo pelo p\u00fablico presente na Igreja Madre de Deus. O templo religioso foi palco de uma emocionante apresenta\u00e7\u00e3o do Padre F\u00e1bio de Melo no domingo \u00e0 noite. O evento, intitulado \u201cVoz e Piano\u201d, reuniu cerca de 500 pessoas e foi promovido pela R\u00e1dio Olinda em parceria com a Comunidade Obra de Maria, como parte da confraterniza\u00e7\u00e3o dos associados do Clube do Ouvinte.<\/p>\n<p>ESPIRITUALIDADE E REFLEX\u00c3O<\/p>\n<p>A apresenta\u00e7\u00e3o do Padre F\u00e1bio de Melo ficar\u00e1 marcada na mem\u00f3ria dos presentes. M\u00fasica, f\u00e9 e reflex\u00e3o se uniram, fortalecendo os la\u00e7os espirituais e emocionais entre os participantes. Ele come\u00e7ou a apresenta\u00e7\u00e3o \u00e0s 18h40, agradecendo a oportunidade de fazer a apresenta\u00e7\u00e3o especial. \u201cLiguei para meu amigo Gilberto em cima da hora, quinta-feira no final da tarde, e pedi para fazer esse show\u201d, disse ele, destacando que ele e o seu pianista Rafael Maia precisavam dessa conex\u00e3o de f\u00e9 com o p\u00fablico.<\/p>\n<p>Durante cerca de duas horas, o l\u00edder religioso emocionou o p\u00fablico com uma combina\u00e7\u00e3o de m\u00fasicas e reflex\u00f5es. Cada uma das 12 \u00a0can\u00e7\u00f5es escolhidas por ele para o show foi cuidadosamente escolhida para conduzir os participantes a momentos profundos de espiritualidade e conex\u00e3o com Deus. Nas \u00faltimas quatro m\u00fasicas, padre F\u00e1bio interagiu com a plat\u00e9ia, cumprimentando cada um. A apresenta\u00e7\u00e3o foi encerrada com a m\u00fasica Tudo \u00e9 do Pai, arrancando muitos aplausos dos presentes.<\/p>\n<p>AUTORIDADES<\/p>\n<p>O evento contou com a presen\u00e7a de autoridades, como a vice-governadora do Estado, Priscila Krause, o fundador da Obra de Maria, Gilberto Barbosa, o Padre Luciano Brito, Vig\u00e1rio Geral da Arquidiocese de Olinda e Recife (AOR), e o vereador do Recife Felipe Alecrim. A m\u00e3e do prefeito Jo\u00e3o Campos, Renata Campos, tamb\u00e9m esteve presente.Diversas lideran\u00e7as religiosas e comunit\u00e1rias prestigiaram o evento.<\/p>\n<p>CONDU\u00c7\u00c3O<\/p>\n<p>A noite foi conduzida pelo diretor executivo da R\u00e1dio Olinda Ivanildo Silva, que guiou cada momento do evento. Os comunicadores da emissora oficial da Arquidiocese de Olinda e Recife tamb\u00e9m marcaram presen\u00e7a, interagindo com o p\u00fablico e celebrando o sucesso da noite.<\/p>\n<p>AGRADECIMENTO<\/p>\n<p>Ao final da apresenta\u00e7\u00e3o, Padre F\u00e1bio de Melo agradeceu a calorosa recep\u00e7\u00e3o do p\u00fablico e confirmou seu retorno a Pernambuco no in\u00edcio de 2025, quando participar\u00e1 do evento comemorativo dos 35 anos da Obra de Maria, no dia 19 de janeiro, na Arena de Pernambuco. A expectativa \u00e9 que esse pr\u00f3ximo encontro reforce ainda mais os la\u00e7os de f\u00e9 e solidariedade. Cr\u00e9ditos: Eduardo Tumajan\/Divulga\u00e7\u00e3o<br \/>\nSiga o Instagram do Blog pelo @blogdoedvaldomagalhaes<\/p>\n","protected":false},"excerpt":{"rendered":"<p>An\u00fancio foi feito durante apresenta\u00e7\u00e3o do l\u00edder religioso, na Igreja Madre de Deus, no domingo \u00e0 noite. O Padre F\u00e1bio&hellip;<\/p>\n","protected":false},"author":1,"featured_media":115535,"comment_status":"closed","ping_status":"open","sticky":false,"template":"","format":"standard","meta":{"footnotes":""},"categories":[14120],"tags":[28803,27410,2,28801,32407],"class_list":["post-115534","post","type-post","status-publish","format-standard","has-post-thumbnail","hentry","category-noticias","tag-blog-com-mais-visualizacoes","tag-blog-de-caruaru","tag-blog-do-edvaldo-magalhaes","tag-blog-mais-acessado","tag-padre-fabio-de-melo"],"_links":{"self":[{"href":"https:\/\/blogdoedvaldomagalhaes.com.br\/index.php\/wp-json\/wp\/v2\/posts\/115534","targetHints":{"allow":["GET"]}}],"collection":[{"href":"https:\/\/blogdoedvaldomagalhaes.com.br\/index.php\/wp-json\/wp\/v2\/posts"}],"about":[{"href":"https:\/\/blogdoedvaldomagalhaes.com.br\/index.php\/wp-json\/wp\/v2\/types\/post"}],"author":[{"embeddable":true,"href":"https:\/\/blogdoedvaldomagalhaes.com.br\/index.php\/wp-json\/wp\/v2\/users\/1"}],"replies":[{"embeddable":true,"href":"https:\/\/blogdoedvaldomagalhaes.com.br\/index.php\/wp-json\/wp\/v2\/comments?post=115534"}],"version-history":[{"count":2,"href":"https:\/\/blogdoedvaldomagalhaes.com.br\/index.php\/wp-json\/wp\/v2\/posts\/115534\/revisions"}],"predecessor-version":[{"id":115537,"href":"https:\/\/blogdoedvaldomagalhaes.com.br\/index.php\/wp-json\/wp\/v2\/posts\/115534\/revisions\/115537"}],"wp:featuredmedia":[{"embeddable":true,"href":"https:\/\/blogdoedvaldomagalhaes.com.br\/index.php\/wp-json\/wp\/v2\/media\/115535"}],"wp:attachment":[{"href":"https:\/\/blogdoedvaldomagalhaes.com.br\/index.php\/wp-json\/wp\/v2\/media?parent=115534"}],"wp:term":[{"taxonomy":"category","embeddable":true,"href":"https:\/\/blogdoedvaldomagalhaes.com.br\/index.php\/wp-json\/wp\/v2\/categories?post=115534"},{"taxonomy":"post_tag","embeddable":true,"href":"https:\/\/blogdoedvaldomagalhaes.com.br\/index.php\/wp-json\/wp\/v2\/tags?post=115534"}],"curies":[{"name":"wp","href":"https:\/\/api.w.org\/{rel}","templated":true}]}}