{"id":115531,"date":"2024-12-30T13:45:19","date_gmt":"2024-12-30T16:45:19","guid":{"rendered":"https:\/\/blogdoedvaldomagalhaes.com.br\/?p=115531"},"modified":"2024-12-30T13:45:19","modified_gmt":"2024-12-30T16:45:19","slug":"confira-os-servicos-essenciais-que-funcionarao-no-feriado-de-ano-novo","status":"publish","type":"post","link":"https:\/\/blogdoedvaldomagalhaes.com.br\/index.php\/2024\/12\/30\/confira-os-servicos-essenciais-que-funcionarao-no-feriado-de-ano-novo\/","title":{"rendered":"Confira os servi\u00e7os essenciais que funcionar\u00e3o no feriado de Ano Novo"},"content":{"rendered":"<p><span style=\"font-size: revert;\">A Prefeitura de Caruaru, por meio da Secretaria de Administra\u00e7\u00e3o (SAD), informa que na ter\u00e7a-feira, 31 de dezembro, ser\u00e1 expediente facultativo e na quarta-feira dia 01 de Janeiro 2025 feriado de Ano Novo, n\u00e3o haver\u00e1 expediente nas reparti\u00e7\u00f5es p\u00fablicas.<\/span><\/p>\n<p>Confira abaixo as atividades das pastas em atua\u00e7\u00e3o e hor\u00e1rios de alguns espa\u00e7os p\u00fablicos:<\/p>\n<p>Sa\u00fade: UPAS, SAMU, Maternidade Municipal de Caruaru Santa Dulce dos Pobres e Hospital Manoel Afonso funcionam normalmente.<\/p>\n<p>Secretaria de Servi\u00e7os P\u00fablicos e Sustentabilidade: Parques municipais funcionam normalmente, das 6h \u00e0s 19h.<\/p>\n<p>Secretaria de Pol\u00edticas para Mulheres: O Centro de Refer\u00eancia da Mulher Maria Neuma Silva Lira (CRM) funcionar\u00e1 em sistema de plant\u00e3o por meio do n\u00famero: 9 8384-4310.<\/p>\n<p>Secretaria de Desenvolvimento Social e Direitos Humanos: Plant\u00e3o do aux\u00edlio funeral pelos telefones: (81) 9.8384-2410 e (81) 9.8384-3756. Tamb\u00e9m funciona normalmente o atendimento \u00e0 popula\u00e7\u00e3o em situa\u00e7\u00e3o de rua no Acolhimento Adulto, que fica na rua Alferes Jorge, no bairro Indian\u00f3polis.<\/p>\n<p>Monte do Bom Jesus: Funcionamento do Centro de Atendimento ao Turista, das 8h \u00e0s 20h.<br \/>\nVia Parque: Funcionamento das 6h \u00e0s 22h.<\/p>\n<p>Ceaca: Funcionamento dia 31\/12 Fecha \u00e0s 18h e Abre \u00e0s 18h do dia 01\/01<br \/>\nMercados p\u00fablicos : Funcionamento normal 31\/12<br \/>\nFeira de Gado: N\u00e3o vai funcionar no dia 31\/12.<br \/>\nSiga o Instagram do Blog pelo @blogdoedvaldomagalhaes.<br \/>\nFoto: Reprodu\u00e7\u00e3o\/Canva<\/p>\n","protected":false},"excerpt":{"rendered":"<p>A Prefeitura de Caruaru, por meio da Secretaria de Administra\u00e7\u00e3o (SAD), informa que na ter\u00e7a-feira, 31 de dezembro, ser\u00e1 expediente&hellip;<\/p>\n","protected":false},"author":1,"featured_media":115532,"comment_status":"closed","ping_status":"open","sticky":false,"template":"","format":"standard","meta":{"footnotes":""},"categories":[14120],"tags":[29440,27410,2,28801],"class_list":["post-115531","post","type-post","status-publish","format-standard","has-post-thumbnail","hentry","category-noticias","tag-blog-com-mais-visualizacao","tag-blog-de-caruaru","tag-blog-do-edvaldo-magalhaes","tag-blog-mais-acessado"],"_links":{"self":[{"href":"https:\/\/blogdoedvaldomagalhaes.com.br\/index.php\/wp-json\/wp\/v2\/posts\/115531","targetHints":{"allow":["GET"]}}],"collection":[{"href":"https:\/\/blogdoedvaldomagalhaes.com.br\/index.php\/wp-json\/wp\/v2\/posts"}],"about":[{"href":"https:\/\/blogdoedvaldomagalhaes.com.br\/index.php\/wp-json\/wp\/v2\/types\/post"}],"author":[{"embeddable":true,"href":"https:\/\/blogdoedvaldomagalhaes.com.br\/index.php\/wp-json\/wp\/v2\/users\/1"}],"replies":[{"embeddable":true,"href":"https:\/\/blogdoedvaldomagalhaes.com.br\/index.php\/wp-json\/wp\/v2\/comments?post=115531"}],"version-history":[{"count":1,"href":"https:\/\/blogdoedvaldomagalhaes.com.br\/index.php\/wp-json\/wp\/v2\/posts\/115531\/revisions"}],"predecessor-version":[{"id":115533,"href":"https:\/\/blogdoedvaldomagalhaes.com.br\/index.php\/wp-json\/wp\/v2\/posts\/115531\/revisions\/115533"}],"wp:featuredmedia":[{"embeddable":true,"href":"https:\/\/blogdoedvaldomagalhaes.com.br\/index.php\/wp-json\/wp\/v2\/media\/115532"}],"wp:attachment":[{"href":"https:\/\/blogdoedvaldomagalhaes.com.br\/index.php\/wp-json\/wp\/v2\/media?parent=115531"}],"wp:term":[{"taxonomy":"category","embeddable":true,"href":"https:\/\/blogdoedvaldomagalhaes.com.br\/index.php\/wp-json\/wp\/v2\/categories?post=115531"},{"taxonomy":"post_tag","embeddable":true,"href":"https:\/\/blogdoedvaldomagalhaes.com.br\/index.php\/wp-json\/wp\/v2\/tags?post=115531"}],"curies":[{"name":"wp","href":"https:\/\/api.w.org\/{rel}","templated":true}]}}