{"id":115471,"date":"2024-12-27T12:45:36","date_gmt":"2024-12-27T15:45:36","guid":{"rendered":"https:\/\/blogdoedvaldomagalhaes.com.br\/?p=115471"},"modified":"2024-12-27T12:45:36","modified_gmt":"2024-12-27T15:45:36","slug":"anderson-correia-solicita-implantacao-de-terceiro-horario-nos-postos-de-saude-de-caruaru","status":"publish","type":"post","link":"https:\/\/blogdoedvaldomagalhaes.com.br\/index.php\/2024\/12\/27\/anderson-correia-solicita-implantacao-de-terceiro-horario-nos-postos-de-saude-de-caruaru\/","title":{"rendered":"Anderson Correia solicita implanta\u00e7\u00e3o de terceiro hor\u00e1rio nos postos de sa\u00fade de Caruaru"},"content":{"rendered":"<p><span style=\"font-size: revert;\">Apesar do fim dos trabalhos legislativos deste ano, o vereador Anderson Correia (PP) n\u00e3o parou de trabalhar, e j\u00e1 tem se movimentado para atender os anseios da popula\u00e7\u00e3o visando 2025. O parlamentar est\u00e1 solicitando a implanta\u00e7\u00e3o de um terceiro hor\u00e1rio para os postos de sa\u00fade\/UBS\u2019s do munic\u00edpio, com consultas, atendimentos odontol\u00f3gicos, pediatria, cl\u00ednico geral, entre outras especialidades dispon\u00edveis no sistema de sa\u00fade municipal.<\/span><\/p>\n<p>Na pr\u00e1tica, seria uma amplia\u00e7\u00e3o dos servi\u00e7os de sa\u00fade para o turno da noite, sendo de fundamental import\u00e2ncia para aumentar o acesso \u00e0 sa\u00fade em hor\u00e1rios mais flex\u00edveis, sendo especialmente \u00fatil para trabalhadores, que t\u00eam dificuldades em acessar os servi\u00e7os de sa\u00fade durante o dia. Empenhado em defender os interesses da popula\u00e7\u00e3o, Correia tamb\u00e9m destaca outros benef\u00edcios dessa medida.<\/p>\n<p>\u201cH\u00e1 uma necessidade gigante de se ter um novo turno nos atendimentos de sa\u00fade da nossa cidade, devido \u00e0 grande demanda di\u00e1ria. A amplia\u00e7\u00e3o do hor\u00e1rio dos servi\u00e7os de sa\u00fade, com um novo turno \u00e0 noite pode ter outros benef\u00edcios, como reduzir filas em unidades de pronto atendimento e emerg\u00eancias hospitalares, fortalecer a gest\u00e3o municipal na organiza\u00e7\u00e3o da Aten\u00e7\u00e3o Prim\u00e1ria e diminuir custos em outros n\u00edveis de aten\u00e7\u00e3o\u201d, destacou Anderson.<br \/>\nSiga o Instagram do Blog pelo @blogdoedvaldomagalhaes.<br \/>\nFoto: Vladimir Barreto<\/p>\n","protected":false},"excerpt":{"rendered":"<p>Apesar do fim dos trabalhos legislativos deste ano, o vereador Anderson Correia (PP) n\u00e3o parou de trabalhar, e j\u00e1 tem&hellip;<\/p>\n","protected":false},"author":1,"featured_media":115472,"comment_status":"closed","ping_status":"open","sticky":false,"template":"","format":"standard","meta":{"footnotes":""},"categories":[14122],"tags":[30592,27410,2,28801,20],"class_list":["post-115471","post","type-post","status-publish","format-standard","has-post-thumbnail","hentry","category-politica","tag-blog-com-mais-seguidores","tag-blog-de-caruaru","tag-blog-do-edvaldo-magalhaes","tag-blog-mais-acessado","tag-politica"],"_links":{"self":[{"href":"https:\/\/blogdoedvaldomagalhaes.com.br\/index.php\/wp-json\/wp\/v2\/posts\/115471","targetHints":{"allow":["GET"]}}],"collection":[{"href":"https:\/\/blogdoedvaldomagalhaes.com.br\/index.php\/wp-json\/wp\/v2\/posts"}],"about":[{"href":"https:\/\/blogdoedvaldomagalhaes.com.br\/index.php\/wp-json\/wp\/v2\/types\/post"}],"author":[{"embeddable":true,"href":"https:\/\/blogdoedvaldomagalhaes.com.br\/index.php\/wp-json\/wp\/v2\/users\/1"}],"replies":[{"embeddable":true,"href":"https:\/\/blogdoedvaldomagalhaes.com.br\/index.php\/wp-json\/wp\/v2\/comments?post=115471"}],"version-history":[{"count":1,"href":"https:\/\/blogdoedvaldomagalhaes.com.br\/index.php\/wp-json\/wp\/v2\/posts\/115471\/revisions"}],"predecessor-version":[{"id":115473,"href":"https:\/\/blogdoedvaldomagalhaes.com.br\/index.php\/wp-json\/wp\/v2\/posts\/115471\/revisions\/115473"}],"wp:featuredmedia":[{"embeddable":true,"href":"https:\/\/blogdoedvaldomagalhaes.com.br\/index.php\/wp-json\/wp\/v2\/media\/115472"}],"wp:attachment":[{"href":"https:\/\/blogdoedvaldomagalhaes.com.br\/index.php\/wp-json\/wp\/v2\/media?parent=115471"}],"wp:term":[{"taxonomy":"category","embeddable":true,"href":"https:\/\/blogdoedvaldomagalhaes.com.br\/index.php\/wp-json\/wp\/v2\/categories?post=115471"},{"taxonomy":"post_tag","embeddable":true,"href":"https:\/\/blogdoedvaldomagalhaes.com.br\/index.php\/wp-json\/wp\/v2\/tags?post=115471"}],"curies":[{"name":"wp","href":"https:\/\/api.w.org\/{rel}","templated":true}]}}