{"id":115468,"date":"2024-12-26T21:58:37","date_gmt":"2024-12-27T00:58:37","guid":{"rendered":"https:\/\/blogdoedvaldomagalhaes.com.br\/?p=115468"},"modified":"2024-12-26T21:58:37","modified_gmt":"2024-12-27T00:58:37","slug":"governadora-raquel-lyra-autoriza-repasse-de-r-50-milhoes-para-o-programa-investe-escola-que-garante-melhorias-nas-unidades-de-ensino-estaduais","status":"publish","type":"post","link":"https:\/\/blogdoedvaldomagalhaes.com.br\/index.php\/2024\/12\/26\/governadora-raquel-lyra-autoriza-repasse-de-r-50-milhoes-para-o-programa-investe-escola-que-garante-melhorias-nas-unidades-de-ensino-estaduais\/","title":{"rendered":"Governadora Raquel Lyra autoriza repasse de R$ 50 milh\u00f5es para o Programa Investe Escola, que garante melhorias nas unidades de ensino estaduais"},"content":{"rendered":"<p><span style=\"font-size: revert;\">Com o objetivo de garantir melhorias f\u00edsicas e maior desenvolvimento educacional nas unidades da Rede P\u00fablica Estadual de Ensino, a governadora Raquel Lyra anunciou, nesta quinta-feira (26), o pagamento do segundo repasse do Programa Investe Escola. O recurso deve beneficiar 1.020 unidades de ensino com um montante de R$ 50 milh\u00f5es que ser\u00e3o disponibilizados at\u00e9 o in\u00edcio de 2025. No or\u00e7amento do Investe Escola tamb\u00e9m est\u00e3o inseridos o novo Projeto Investe Tec, para investimento em equipamentos destinados a escolas t\u00e9cnicas, e o Projeto de Incentivo \u00e0s Bandas e Fanfarras de Pernambuco, para contribuir com esses grupos. O evento contou com a presen\u00e7a da vice-governadora Priscila Krause, no Pal\u00e1cio do Campo das Princesas.<\/span><\/p>\n<p>\u201cPor meio do programa Juntos pela Educa\u00e7\u00e3o, n\u00f3s temos investido fortemente no setor com cerca de R$ 5,5 bilh\u00f5es que j\u00e1 est\u00e3o sendo destinados a uma s\u00e9rie de a\u00e7\u00f5es nas mais diversas cidades do Estado. Com o Investe Escola, encaminhamos dinheiro diretamente \u00e0s unidades de ensino para que elas possam cuidar das pr\u00f3prias manuten\u00e7\u00f5es e se preparar para receber os alunos no ano que vem. Al\u00e9m disso, estamos firmando novos compromissos com os maestros das nossas bandas e fanfarras, e lan\u00e7ando o Investe Tec, para moderniza\u00e7\u00e3o das nossas escolas t\u00e9cnicas\u201d, detalhou Raquel Lyra.<\/p>\n<p>Neste repasse, os recursos empreendidos dar\u00e3o melhores condi\u00e7\u00f5es para que as escolas estejam organizadas para o in\u00edcio das aulas no ano letivo de 2025. Ser\u00e1 poss\u00edvel aplicar o montante na manuten\u00e7\u00e3o e melhoria da infraestrutura f\u00edsica delas, com a realiza\u00e7\u00e3o de pinturas e capina\u00e7\u00f5es, por exemplo. O dinheiro tamb\u00e9m poder\u00e1 ser usado para fortalecer as a\u00e7\u00f5es pedag\u00f3gicas das unidades escolares, em a\u00e7\u00f5es como a entregas de itens para aulas de laborat\u00f3rios. Ao todo, est\u00e3o garantidos R$ 128 milh\u00f5es para o Investe Escola, com o restante previsto para o pr\u00f3ximo ano.<\/p>\n<p>\u201cO valor vai direto para a escola, e os gestores que trabalham nas unidades de ensino v\u00e3o garantir o uso com seguran\u00e7a, modernizando e dando transpar\u00eancia \u00e0s a\u00e7\u00f5es. As compras e ajustes necess\u00e1rios ser\u00e3o feitos junto com a comunidade escolar, porque os gestores est\u00e3o de perto acompanhando as necessidades\u201d, explicou o secret\u00e1rio de Educa\u00e7\u00e3o e Esportes, Alexandre Schneider.<\/p>\n<p>Para receber os recursos, a escola s\u00f3 precisa ter a sua Unidade Executora Pr\u00f3pria (UEx) constitu\u00edda, ter realizado ades\u00e3o ao programa mediante a assinatura do Termo de Compromisso e estar adimplente com as presta\u00e7\u00f5es de contas de exerc\u00edcios anteriores, de acordo com o Plano de Aplica\u00e7\u00e3o Financeira (PAF).<\/p>\n<p>Com o intuito de modernizar a forma de execu\u00e7\u00e3o do pagamento, foi contratada a solu\u00e7\u00e3o do Banco de Bras\u00edlia (BRB), que conta com cart\u00e3o da bandeira VISA (pr\u00e9-pago) e um aplicativo mobile para o melhor acompanhamento das transa\u00e7\u00f5es financeiras, facilitando a presta\u00e7\u00e3o de contas. As entregas dos cart\u00f5es aos gestores das escolas come\u00e7aram em novembro.<\/p>\n<p>A estudante Thaeme de Lima, da Escola T\u00e9cnica Estadual Nelson Barbalho, de Caruaru, falou sobre a import\u00e2ncia do investimento. \u201cAgrade\u00e7o pelo Investe Escola, que ser\u00e1 destinado para melhorias nos laborat\u00f3rios, equipamentos t\u00e9cnicos e outras a\u00e7\u00f5es\u201d, disse a estudante.<\/p>\n<p>O deputado estadual Renato Antunes destacou o dia de celebra\u00e7\u00e3o com o an\u00fancio. \u201cO programa garante a democratiza\u00e7\u00e3o da libera\u00e7\u00e3o do recurso p\u00fablico, que chega na ponta da linha para quem mais precisa\u201d, registrou. J\u00e1 o deputado estadual Cleiton Collins afirmou que essa pol\u00edtica p\u00fablica \u201cvisa a dignidade e a vida de muitos estudantes\u201d.<\/p>\n<p>*PROJETO INVESTE TEC* &#8211; A iniciativa tem o objetivo de prestar assist\u00eancia financeira, em car\u00e1ter suplementar, no valor de R$ 19,5 milh\u00f5es para 57 Escolas T\u00e9cnicas Estaduais (ETEs), visando a aquisi\u00e7\u00e3o de equipamentos tecnol\u00f3gicos necess\u00e1rios ao funcionamento dos laborat\u00f3rios destinados aos 37 cursos t\u00e9cnicos ofertados.<\/p>\n<p>*BANDAS E FANFARRAS* &#8211; O Projeto de Incentivo \u00e0s Bandas e Fanfarras de Pernambuco (PIBF) visa contribuir para o aprimoramento do desempenho de grupos da rede estadual de ensino, proporcionando o direito de contrata\u00e7\u00e3o de um maestro\/maestrina e de um core\u00f3grafo\/core\u00f3grafa para atuar no \u00e2mbito do projeto e dos eventos. O projeto atender\u00e1, nesta primeira fase, 350 escolas em todas as regionais do Estado que possuem bandas. A a\u00e7\u00e3o contar\u00e1 inicialmente com o investimento de R$ 2,5 milh\u00f5es e com programa\u00e7\u00e3o de R$ 1,2 milh\u00f5es mensais para continuidade do projeto.<\/p>\n<p>*SOBRE O INVESTE ESCOLA* &#8211; O Programa Investe Escola PE (PIEPE), institu\u00eddo pela Lei N\u00ba 17.488, de 25 de novembro de 2021, tem como finalidade prestar assist\u00eancia financeira \u00e0s escolas da rede p\u00fablica estadual de ensino, em car\u00e1ter suplementar, contribuindo para manuten\u00e7\u00e3o e melhoria das infraestruturas f\u00edsica e pedag\u00f3gica, com consequente eleva\u00e7\u00e3o do desempenho escolar e o fortalecimento da participa\u00e7\u00e3o da comunidade e da autogest\u00e3o escolar.<\/p>\n<p>Acompanharam a solenidade os secret\u00e1rios estaduais Fernando Holanda (Assessoria Especial \u00e0 Governadora e Rela\u00e7\u00f5es Internacionais) e Ana Mara\u00edza (Administra\u00e7\u00e3o), al\u00e9m dos vereadores do Recife Michelle Collins e Ronaldo Lopes. O vereador eleito Alef Collins e o Maestro Forr\u00f3 tamb\u00e9m participaram do evento.<br \/>\nSiga o Instagram do Blog pelo @blogdoedvaldomagalhaes<br \/>\n<span style=\"font-size: revert;\">Foto: Hes\u00edodo G\u00f3es\/Secom<\/span><\/p>\n","protected":false},"excerpt":{"rendered":"<p>Com o objetivo de garantir melhorias f\u00edsicas e maior desenvolvimento educacional nas unidades da Rede P\u00fablica Estadual de Ensino, a&hellip;<\/p>\n","protected":false},"author":1,"featured_media":115469,"comment_status":"closed","ping_status":"open","sticky":false,"template":"","format":"standard","meta":{"footnotes":""},"categories":[14122],"tags":[30592,27410,2,28801,20,1229],"class_list":["post-115468","post","type-post","status-publish","format-standard","has-post-thumbnail","hentry","category-politica","tag-blog-com-mais-seguidores","tag-blog-de-caruaru","tag-blog-do-edvaldo-magalhaes","tag-blog-mais-acessado","tag-politica","tag-raquel-lyra"],"_links":{"self":[{"href":"https:\/\/blogdoedvaldomagalhaes.com.br\/index.php\/wp-json\/wp\/v2\/posts\/115468","targetHints":{"allow":["GET"]}}],"collection":[{"href":"https:\/\/blogdoedvaldomagalhaes.com.br\/index.php\/wp-json\/wp\/v2\/posts"}],"about":[{"href":"https:\/\/blogdoedvaldomagalhaes.com.br\/index.php\/wp-json\/wp\/v2\/types\/post"}],"author":[{"embeddable":true,"href":"https:\/\/blogdoedvaldomagalhaes.com.br\/index.php\/wp-json\/wp\/v2\/users\/1"}],"replies":[{"embeddable":true,"href":"https:\/\/blogdoedvaldomagalhaes.com.br\/index.php\/wp-json\/wp\/v2\/comments?post=115468"}],"version-history":[{"count":1,"href":"https:\/\/blogdoedvaldomagalhaes.com.br\/index.php\/wp-json\/wp\/v2\/posts\/115468\/revisions"}],"predecessor-version":[{"id":115470,"href":"https:\/\/blogdoedvaldomagalhaes.com.br\/index.php\/wp-json\/wp\/v2\/posts\/115468\/revisions\/115470"}],"wp:featuredmedia":[{"embeddable":true,"href":"https:\/\/blogdoedvaldomagalhaes.com.br\/index.php\/wp-json\/wp\/v2\/media\/115469"}],"wp:attachment":[{"href":"https:\/\/blogdoedvaldomagalhaes.com.br\/index.php\/wp-json\/wp\/v2\/media?parent=115468"}],"wp:term":[{"taxonomy":"category","embeddable":true,"href":"https:\/\/blogdoedvaldomagalhaes.com.br\/index.php\/wp-json\/wp\/v2\/categories?post=115468"},{"taxonomy":"post_tag","embeddable":true,"href":"https:\/\/blogdoedvaldomagalhaes.com.br\/index.php\/wp-json\/wp\/v2\/tags?post=115468"}],"curies":[{"name":"wp","href":"https:\/\/api.w.org\/{rel}","templated":true}]}}