{"id":115442,"date":"2024-12-26T14:03:25","date_gmt":"2024-12-26T17:03:25","guid":{"rendered":"https:\/\/blogdoedvaldomagalhaes.com.br\/?p=115442"},"modified":"2024-12-26T14:03:25","modified_gmt":"2024-12-26T17:03:25","slug":"barragem-de-jucazinho-suspenso-abastecimento-de-agua-em-caruaru-e-outras-cidades","status":"publish","type":"post","link":"https:\/\/blogdoedvaldomagalhaes.com.br\/index.php\/2024\/12\/26\/barragem-de-jucazinho-suspenso-abastecimento-de-agua-em-caruaru-e-outras-cidades\/","title":{"rendered":"Barragem de Jucazinho: Suspenso abastecimento de \u00e1gua em Caruaru e outras cidades"},"content":{"rendered":"<p><span style=\"font-size: revert;\">A Compesa informa que foi necess\u00e1rio suspender a opera\u00e7\u00e3o do Tramo Sul do Sistema Jucazinho, nesta quinta-feira (26), para servi\u00e7os de manuten\u00e7\u00e3o emergencial. A paralisa\u00e7\u00e3o do sistema ocorreu \u00e0s 06h desta quinta-feira (26.12), para conserto de um vazamento identificado na noite dessa quarta-feira (25) em trecho de adutora de Jucazinho, de grande porte, localizado no munic\u00edpio de Cumaru.<\/span><\/p>\n<p>Os servi\u00e7os de reparo est\u00e3o previstos para durar oito horas. Os t\u00e9cnicos da Compesa esperam concluir o conserto da tubula\u00e7\u00e3o ainda nessa quinta-feira (26.12).<\/p>\n<p>A ocorr\u00eancia afeta o munic\u00edpio de Bezerros com queda na vaz\u00e3o da \u00e1gua distribu\u00edda, podendo ocorrer desabastecimento em setores da cidade, al\u00e9m dos condom\u00ednios \u00e0s margens da BR-232, entre Bezerros e Gravat\u00e1.<\/p>\n<p>Em Ameixas (distrito de Cumaru) e Riacho das Almas, o abastecimento ser\u00e1 suspenso.<\/p>\n<p>Em Caruaru, ficar\u00e3o sem \u00e1gua os bairros: Salgado (parte baixa), Cidade Jardim, S\u00e3o Jo\u00e3o da Esc\u00f3cia (parte baixa), Rendeiras (parte alta), S\u00e3o Jos\u00e9, Luiz Mariano, Serran\u00f3polis, Luiz Gonzaga, Res. Neuza Garcia, Loteamento Mirante do Vale, Luar do Sabia, Pr\u00e9dios MRV (Jardim dos Ip\u00eas, Alecrins, Coqueiros, Acau\u00e3), Portal do Sol, Fernando Lyra, Terras Alpha e Mix Mateus, Juriti, Parque da Cidade 3 e UFPE, al\u00e9m das localidades do segundo distrito, Malhada de Barreira Queimada, Cachoeira Seca e Rafael (lado rei da das Coxinhas).<\/p>\n<p>Ap\u00f3s a conclus\u00e3o dos servi\u00e7os hoje \u00e0 tarde, o Tramo Sul do Sistema Jucazinho ter\u00e1 a sua opera\u00e7\u00e3o retomada. Ap\u00f3s todos os procedimentos operacionais, incluindo o per\u00edodo necess\u00e1rio para o enchimento da adutora, que precisa ser gradual, ser\u00e1 iniciado o processo de regulariza\u00e7\u00e3o da distribui\u00e7\u00e3o de \u00e1gua de acordo com o calend\u00e1rio.<br \/>\nSiga o Instagram do Blog pelo @blogdoedvaldomagalhaes<br \/>\nFoto: Reprodu\u00e7\u00e3o<\/p>\n","protected":false},"excerpt":{"rendered":"<p>A Compesa informa que foi necess\u00e1rio suspender a opera\u00e7\u00e3o do Tramo Sul do Sistema Jucazinho, nesta quinta-feira (26), para servi\u00e7os&hellip;<\/p>\n","protected":false},"author":1,"featured_media":78714,"comment_status":"closed","ping_status":"open","sticky":false,"template":"","format":"standard","meta":{"footnotes":""},"categories":[14120],"tags":[4967,28803,27410,2,28801],"class_list":["post-115442","post","type-post","status-publish","format-standard","has-post-thumbnail","hentry","category-noticias","tag-barragem-de-jucazinho","tag-blog-com-mais-visualizacoes","tag-blog-de-caruaru","tag-blog-do-edvaldo-magalhaes","tag-blog-mais-acessado"],"_links":{"self":[{"href":"https:\/\/blogdoedvaldomagalhaes.com.br\/index.php\/wp-json\/wp\/v2\/posts\/115442","targetHints":{"allow":["GET"]}}],"collection":[{"href":"https:\/\/blogdoedvaldomagalhaes.com.br\/index.php\/wp-json\/wp\/v2\/posts"}],"about":[{"href":"https:\/\/blogdoedvaldomagalhaes.com.br\/index.php\/wp-json\/wp\/v2\/types\/post"}],"author":[{"embeddable":true,"href":"https:\/\/blogdoedvaldomagalhaes.com.br\/index.php\/wp-json\/wp\/v2\/users\/1"}],"replies":[{"embeddable":true,"href":"https:\/\/blogdoedvaldomagalhaes.com.br\/index.php\/wp-json\/wp\/v2\/comments?post=115442"}],"version-history":[{"count":1,"href":"https:\/\/blogdoedvaldomagalhaes.com.br\/index.php\/wp-json\/wp\/v2\/posts\/115442\/revisions"}],"predecessor-version":[{"id":115443,"href":"https:\/\/blogdoedvaldomagalhaes.com.br\/index.php\/wp-json\/wp\/v2\/posts\/115442\/revisions\/115443"}],"wp:featuredmedia":[{"embeddable":true,"href":"https:\/\/blogdoedvaldomagalhaes.com.br\/index.php\/wp-json\/wp\/v2\/media\/78714"}],"wp:attachment":[{"href":"https:\/\/blogdoedvaldomagalhaes.com.br\/index.php\/wp-json\/wp\/v2\/media?parent=115442"}],"wp:term":[{"taxonomy":"category","embeddable":true,"href":"https:\/\/blogdoedvaldomagalhaes.com.br\/index.php\/wp-json\/wp\/v2\/categories?post=115442"},{"taxonomy":"post_tag","embeddable":true,"href":"https:\/\/blogdoedvaldomagalhaes.com.br\/index.php\/wp-json\/wp\/v2\/tags?post=115442"}],"curies":[{"name":"wp","href":"https:\/\/api.w.org\/{rel}","templated":true}]}}