{"id":115423,"date":"2024-12-24T20:18:52","date_gmt":"2024-12-24T23:18:52","guid":{"rendered":"https:\/\/blogdoedvaldomagalhaes.com.br\/?p=115423"},"modified":"2024-12-24T20:18:52","modified_gmt":"2024-12-24T23:18:52","slug":"profissionais-de-limpeza-urbana-ganharao-folga-por-reconhecimento-nos-feriados-de-natal-e-reveillon","status":"publish","type":"post","link":"https:\/\/blogdoedvaldomagalhaes.com.br\/index.php\/2024\/12\/24\/profissionais-de-limpeza-urbana-ganharao-folga-por-reconhecimento-nos-feriados-de-natal-e-reveillon\/","title":{"rendered":"Profissionais de limpeza urbana ganhar\u00e3o folga por reconhecimento nos feriados de Natal e R\u00e9veillon"},"content":{"rendered":"<p><span style=\"font-size: revert;\">A Prefeitura de Caruaru, por meio da Secretaria de Servi\u00e7os P\u00fablicos e Sustentabilidade (Sesp) informa que, nos dias 25 de dezembro e 1\u00ba de janeiro, feriado de Natal e R\u00e9veillon, respectivamente, a coleta domiciliar n\u00e3o ser\u00e1 realizada no munic\u00edpio. A medida tem como objetivo proporcionar aos profissionais que atuam na limpeza urbana do munic\u00edpio, um momento de confraterniza\u00e7\u00e3o com seus familiares nas duas datas.<\/span><\/p>\n<p>No feriado de Natal, a coleta domiciliar ser\u00e1 reestabelecida de forma normal a partir do dia 26 de dezembro. J\u00e1 no feriado de ano novo, a coleta retorna no dia 02 de janeiro.<\/p>\n<p>\u201cEssa decis\u00e3o serve para humanizar ainda mais as datas aqui em Caruaru. Todos t\u00eam o direito de reunir seus familiares e amigos para um momento de confraterniza\u00e7\u00e3o, com os profissionais que atuam na limpeza urbana n\u00e3o seria diferente\u201d, comentou o Secret\u00e1rio de Servi\u00e7os P\u00fablicos e Sustentabilidade, Vital Flor\u00eancio.<br \/>\nSiga o Instagram do Blog pelo @blogdoedvaldomagalhaes.<br \/>\nCard: Divulga\u00e7\u00e3o\/PMC<\/p>\n","protected":false},"excerpt":{"rendered":"<p>A Prefeitura de Caruaru, por meio da Secretaria de Servi\u00e7os P\u00fablicos e Sustentabilidade (Sesp) informa que, nos dias 25 de&hellip;<\/p>\n","protected":false},"author":1,"featured_media":115424,"comment_status":"closed","ping_status":"open","sticky":false,"template":"","format":"standard","meta":{"footnotes":""},"categories":[14120],"tags":[28803,27410,2,28801],"class_list":["post-115423","post","type-post","status-publish","format-standard","has-post-thumbnail","hentry","category-noticias","tag-blog-com-mais-visualizacoes","tag-blog-de-caruaru","tag-blog-do-edvaldo-magalhaes","tag-blog-mais-acessado"],"_links":{"self":[{"href":"https:\/\/blogdoedvaldomagalhaes.com.br\/index.php\/wp-json\/wp\/v2\/posts\/115423","targetHints":{"allow":["GET"]}}],"collection":[{"href":"https:\/\/blogdoedvaldomagalhaes.com.br\/index.php\/wp-json\/wp\/v2\/posts"}],"about":[{"href":"https:\/\/blogdoedvaldomagalhaes.com.br\/index.php\/wp-json\/wp\/v2\/types\/post"}],"author":[{"embeddable":true,"href":"https:\/\/blogdoedvaldomagalhaes.com.br\/index.php\/wp-json\/wp\/v2\/users\/1"}],"replies":[{"embeddable":true,"href":"https:\/\/blogdoedvaldomagalhaes.com.br\/index.php\/wp-json\/wp\/v2\/comments?post=115423"}],"version-history":[{"count":1,"href":"https:\/\/blogdoedvaldomagalhaes.com.br\/index.php\/wp-json\/wp\/v2\/posts\/115423\/revisions"}],"predecessor-version":[{"id":115425,"href":"https:\/\/blogdoedvaldomagalhaes.com.br\/index.php\/wp-json\/wp\/v2\/posts\/115423\/revisions\/115425"}],"wp:featuredmedia":[{"embeddable":true,"href":"https:\/\/blogdoedvaldomagalhaes.com.br\/index.php\/wp-json\/wp\/v2\/media\/115424"}],"wp:attachment":[{"href":"https:\/\/blogdoedvaldomagalhaes.com.br\/index.php\/wp-json\/wp\/v2\/media?parent=115423"}],"wp:term":[{"taxonomy":"category","embeddable":true,"href":"https:\/\/blogdoedvaldomagalhaes.com.br\/index.php\/wp-json\/wp\/v2\/categories?post=115423"},{"taxonomy":"post_tag","embeddable":true,"href":"https:\/\/blogdoedvaldomagalhaes.com.br\/index.php\/wp-json\/wp\/v2\/tags?post=115423"}],"curies":[{"name":"wp","href":"https:\/\/api.w.org\/{rel}","templated":true}]}}