{"id":115419,"date":"2024-12-24T20:03:27","date_gmt":"2024-12-24T23:03:27","guid":{"rendered":"https:\/\/blogdoedvaldomagalhaes.com.br\/?p=115419"},"modified":"2024-12-24T20:03:27","modified_gmt":"2024-12-24T23:03:27","slug":"criado-grupo-de-trabalho-envolvendo-secretarias-municipais-transito-e-seguranca-para-melhorias-no-parque-18-de-maio","status":"publish","type":"post","link":"https:\/\/blogdoedvaldomagalhaes.com.br\/index.php\/2024\/12\/24\/criado-grupo-de-trabalho-envolvendo-secretarias-municipais-transito-e-seguranca-para-melhorias-no-parque-18-de-maio\/","title":{"rendered":"Criado grupo de trabalho envolvendo secretarias municipais, tr\u00e2nsito e seguran\u00e7a para melhorias no Parque 18 de Maio"},"content":{"rendered":"<p><span style=\"font-size: revert;\">A Prefeitura de Caruaru realizou, na manh\u00e3 desta ter\u00e7a-feira (24) uma visita t\u00e9cnica no Complexo do Parque 18 de maio. A visita contou com a participa\u00e7\u00e3o de representantes da Secretaria de Servi\u00e7os P\u00fablicos e Sustentabilidade (Sesp), Secretaria de Ordem P\u00fablica (Secop), Autarquia de Mobilidade, Tr\u00e2nsito e Transportes de Caruaru (AMTTC), Secretaria de Governo (Segov) e do Assessor Especial da Secretaria Executiva do Parque 18 de maio, Manoel J\u00fanior.<\/span><\/p>\n<p>Na ocasi\u00e3o, foi definida a cria\u00e7\u00e3o de um grupo de trabalho intersetorial, envolvendo diversas secretarias municipais, \u00f3rg\u00e3os de tr\u00e2nsito e seguran\u00e7a p\u00fablica. Al\u00e9m do grupo, pesquisas est\u00e3o sendo realizadas com feirantes, comerciantes e consumidores, onde ser\u00e3o apontadas as principais necessidades do Complexo. Todo trabalho de requalifica\u00e7\u00e3o do Parque 18 de maio ser\u00e1 norteado por esse levantamento.<\/p>\n<p>\u201cEsse grupo vai discutir medidas para melhorar a estrutura e avan\u00e7ar nos servi\u00e7os relacionados ao complexo. A cada 15 dias, o grupo estar\u00e1 se reunindo para solucionar demandas apresentadas pelo grupo e colhidas atrav\u00e9s do contato com o feirante. Nosso objetivo \u00e9 chegar de forma efetiva com a\u00e7\u00f5es que v\u00e3o dar uma nova cara ao Complexo do Parque 18 de maio. Vamos desempenhar um grande trabalho, focado em ouvir as necessidades de quem trabalha no local\u201d, comentou o Assessor Especial da Secretaria Executiva do Parque 18 de maio, Manoel J\u00fanior.<br \/>\nSiga o Instagram do Blog @blogdoedvaldomagalhaes<br \/>\n<span style=\"font-size: revert;\">Foto: Mateus Carvalho\/PMC<\/span><\/p>\n","protected":false},"excerpt":{"rendered":"<p>A Prefeitura de Caruaru realizou, na manh\u00e3 desta ter\u00e7a-feira (24) uma visita t\u00e9cnica no Complexo do Parque 18 de maio.&hellip;<\/p>\n","protected":false},"author":1,"featured_media":115420,"comment_status":"closed","ping_status":"open","sticky":false,"template":"","format":"standard","meta":{"footnotes":""},"categories":[14120],"tags":[30253,29440,13146,28801],"class_list":["post-115419","post","type-post","status-publish","format-standard","has-post-thumbnail","hentry","category-noticias","tag-blog-caruaru","tag-blog-com-mais-visualizacao","tag-blog-edvaldo-magalhaes","tag-blog-mais-acessado"],"_links":{"self":[{"href":"https:\/\/blogdoedvaldomagalhaes.com.br\/index.php\/wp-json\/wp\/v2\/posts\/115419","targetHints":{"allow":["GET"]}}],"collection":[{"href":"https:\/\/blogdoedvaldomagalhaes.com.br\/index.php\/wp-json\/wp\/v2\/posts"}],"about":[{"href":"https:\/\/blogdoedvaldomagalhaes.com.br\/index.php\/wp-json\/wp\/v2\/types\/post"}],"author":[{"embeddable":true,"href":"https:\/\/blogdoedvaldomagalhaes.com.br\/index.php\/wp-json\/wp\/v2\/users\/1"}],"replies":[{"embeddable":true,"href":"https:\/\/blogdoedvaldomagalhaes.com.br\/index.php\/wp-json\/wp\/v2\/comments?post=115419"}],"version-history":[{"count":1,"href":"https:\/\/blogdoedvaldomagalhaes.com.br\/index.php\/wp-json\/wp\/v2\/posts\/115419\/revisions"}],"predecessor-version":[{"id":115421,"href":"https:\/\/blogdoedvaldomagalhaes.com.br\/index.php\/wp-json\/wp\/v2\/posts\/115419\/revisions\/115421"}],"wp:featuredmedia":[{"embeddable":true,"href":"https:\/\/blogdoedvaldomagalhaes.com.br\/index.php\/wp-json\/wp\/v2\/media\/115420"}],"wp:attachment":[{"href":"https:\/\/blogdoedvaldomagalhaes.com.br\/index.php\/wp-json\/wp\/v2\/media?parent=115419"}],"wp:term":[{"taxonomy":"category","embeddable":true,"href":"https:\/\/blogdoedvaldomagalhaes.com.br\/index.php\/wp-json\/wp\/v2\/categories?post=115419"},{"taxonomy":"post_tag","embeddable":true,"href":"https:\/\/blogdoedvaldomagalhaes.com.br\/index.php\/wp-json\/wp\/v2\/tags?post=115419"}],"curies":[{"name":"wp","href":"https:\/\/api.w.org\/{rel}","templated":true}]}}