{"id":115416,"date":"2024-12-24T19:48:04","date_gmt":"2024-12-24T22:48:04","guid":{"rendered":"https:\/\/blogdoedvaldomagalhaes.com.br\/?p=115416"},"modified":"2024-12-24T19:48:04","modified_gmt":"2024-12-24T22:48:04","slug":"homem-e-detido-com-grande-material-de-entorpecentes","status":"publish","type":"post","link":"https:\/\/blogdoedvaldomagalhaes.com.br\/index.php\/2024\/12\/24\/homem-e-detido-com-grande-material-de-entorpecentes\/","title":{"rendered":"Homem \u00e9 detido com grande material de entorpecentes"},"content":{"rendered":"<p><span style=\"font-size: revert;\">Na manh\u00e3 desta ter\u00e7a-feira (24\/12), policiais militares do 16\u00b0BPM, receberam informa\u00e7\u00f5es do servi\u00e7o de intelig\u00eancia de que uma resid\u00eancia no bairro de Cavaleiro era ponto de tr\u00e1fico de entorpecentes.<\/span><\/p>\n<p>Ap\u00f3s realizarem dilig\u00eancias a fim de confirmar a not\u00edcia do crime, foi verificada a veracidade dos fatos, resultando na pris\u00e3o de um suspeito com os seguintes materiais: 88 tabletes de maconha, totalizando aprox. 52,955 Kg; 01 tablete de crack, totalizando 1,25 Kg; 395 pedras de crack; 216 ziplock de maconha; 1,440 kg de maconha fracionada; 01 carregador de SMT; 48 muni\u00e7\u00f5es de cal. 38, sendo 08 pinadas e 40 intactas; 1,590 Kg de maconha natural, acondicionadas em 03 sacos pretos. Foto: Divulga\u00e7\u00e3o\/PM<br \/>\nSiga o Instagram do Blog pelo @blogdoedvaldomagalhaes<\/p>\n","protected":false},"excerpt":{"rendered":"<p>Na manh\u00e3 desta ter\u00e7a-feira (24\/12), policiais militares do 16\u00b0BPM, receberam informa\u00e7\u00f5es do servi\u00e7o de intelig\u00eancia de que uma resid\u00eancia no&hellip;<\/p>\n","protected":false},"author":1,"featured_media":115417,"comment_status":"closed","ping_status":"open","sticky":false,"template":"","format":"standard","meta":{"footnotes":""},"categories":[14121],"tags":[28803,27410,2,28801],"class_list":["post-115416","post","type-post","status-publish","format-standard","has-post-thumbnail","hentry","category-policial","tag-blog-com-mais-visualizacoes","tag-blog-de-caruaru","tag-blog-do-edvaldo-magalhaes","tag-blog-mais-acessado"],"_links":{"self":[{"href":"https:\/\/blogdoedvaldomagalhaes.com.br\/index.php\/wp-json\/wp\/v2\/posts\/115416","targetHints":{"allow":["GET"]}}],"collection":[{"href":"https:\/\/blogdoedvaldomagalhaes.com.br\/index.php\/wp-json\/wp\/v2\/posts"}],"about":[{"href":"https:\/\/blogdoedvaldomagalhaes.com.br\/index.php\/wp-json\/wp\/v2\/types\/post"}],"author":[{"embeddable":true,"href":"https:\/\/blogdoedvaldomagalhaes.com.br\/index.php\/wp-json\/wp\/v2\/users\/1"}],"replies":[{"embeddable":true,"href":"https:\/\/blogdoedvaldomagalhaes.com.br\/index.php\/wp-json\/wp\/v2\/comments?post=115416"}],"version-history":[{"count":1,"href":"https:\/\/blogdoedvaldomagalhaes.com.br\/index.php\/wp-json\/wp\/v2\/posts\/115416\/revisions"}],"predecessor-version":[{"id":115418,"href":"https:\/\/blogdoedvaldomagalhaes.com.br\/index.php\/wp-json\/wp\/v2\/posts\/115416\/revisions\/115418"}],"wp:featuredmedia":[{"embeddable":true,"href":"https:\/\/blogdoedvaldomagalhaes.com.br\/index.php\/wp-json\/wp\/v2\/media\/115417"}],"wp:attachment":[{"href":"https:\/\/blogdoedvaldomagalhaes.com.br\/index.php\/wp-json\/wp\/v2\/media?parent=115416"}],"wp:term":[{"taxonomy":"category","embeddable":true,"href":"https:\/\/blogdoedvaldomagalhaes.com.br\/index.php\/wp-json\/wp\/v2\/categories?post=115416"},{"taxonomy":"post_tag","embeddable":true,"href":"https:\/\/blogdoedvaldomagalhaes.com.br\/index.php\/wp-json\/wp\/v2\/tags?post=115416"}],"curies":[{"name":"wp","href":"https:\/\/api.w.org\/{rel}","templated":true}]}}