{"id":115413,"date":"2024-12-24T19:36:38","date_gmt":"2024-12-24T22:36:38","guid":{"rendered":"https:\/\/blogdoedvaldomagalhaes.com.br\/?p=115413"},"modified":"2024-12-24T19:36:38","modified_gmt":"2024-12-24T22:36:38","slug":"pm-prende-dois-suspeitos-por-trafico-de-drogas-em-sao-caitano","status":"publish","type":"post","link":"https:\/\/blogdoedvaldomagalhaes.com.br\/index.php\/2024\/12\/24\/pm-prende-dois-suspeitos-por-trafico-de-drogas-em-sao-caitano\/","title":{"rendered":"PM prende dois suspeitos por tr\u00e1fico de drogas em S\u00e3o Caitano"},"content":{"rendered":"<p><span style=\"font-size: revert;\">Nessa segunda-feira (23.12), por volta das 16h, o efetivo do GT15311, juntamente com os efetivos da RC15300, RC15014 e NIAZM, durante rondas, ao procederem as a\u00e7\u00f5es policiais no centro da cidade de S\u00e3o Caitano, obtiveram informa\u00e7\u00f5es as quais apontavam que em uma resid\u00eancia na rua Jo\u00e3o Paulo II, no bairro Socorro Braga, ocorria o crime de tr\u00e1fico de drogas.<\/span><\/p>\n<p>De imediato, o policiamento foi averiguar a den\u00fancia e, ap\u00f3s chegarem ao local, conseguiram visualizar alguns indiv\u00edduos saindo do referido im\u00f3vel, que ao avistarem as guarni\u00e7\u00f5es da pol\u00edcia se evadiram, por\u00e9m, deixaram a porta aberta. Logo, uma das equipes adentrou na resid\u00eancia e encontrou a pessoa de V.C.D.S. em um dos c\u00f4modos, entretanto, a pessoa de P.H.D.S. tentou fugir pulando o muro do quintal, sendo detido pelo efetivo policial que estava por tr\u00e1s da resid\u00eancia.<br \/>\nProcedida a competente abordagem policial, foi encontrado no telhado do im\u00f3vel: 17 GRAMAS DE COCAINA, 73 PEDRAS DE CRAK, AL\u00c9M DE 01 PEDRA DE CRACK PESANDO 13 GRAMAS.<br \/>\nAssim sendo, os imputados foram encaminhados, juntamente com o material apreendido, at\u00e9 a delegacia para serem tomadas as medidas cab\u00edveis, onde foi confeccionado um APFD em desfavor de P.H.D.S. Foto: Divulga\u00e7\u00e3o\/PMPE.<br \/>\nSiga o Instagram do Blog pelo @blogdoedvaldomagalhaes<\/p>\n","protected":false},"excerpt":{"rendered":"<p>Nessa segunda-feira (23.12), por volta das 16h, o efetivo do GT15311, juntamente com os efetivos da RC15300, RC15014 e NIAZM,&hellip;<\/p>\n","protected":false},"author":1,"featured_media":115414,"comment_status":"closed","ping_status":"open","sticky":false,"template":"","format":"standard","meta":{"footnotes":""},"categories":[14121],"tags":[30592,27410,2,32396],"class_list":["post-115413","post","type-post","status-publish","format-standard","has-post-thumbnail","hentry","category-policial","tag-blog-com-mais-seguidores","tag-blog-de-caruaru","tag-blog-do-edvaldo-magalhaes","tag-blog-mais-acesado"],"_links":{"self":[{"href":"https:\/\/blogdoedvaldomagalhaes.com.br\/index.php\/wp-json\/wp\/v2\/posts\/115413","targetHints":{"allow":["GET"]}}],"collection":[{"href":"https:\/\/blogdoedvaldomagalhaes.com.br\/index.php\/wp-json\/wp\/v2\/posts"}],"about":[{"href":"https:\/\/blogdoedvaldomagalhaes.com.br\/index.php\/wp-json\/wp\/v2\/types\/post"}],"author":[{"embeddable":true,"href":"https:\/\/blogdoedvaldomagalhaes.com.br\/index.php\/wp-json\/wp\/v2\/users\/1"}],"replies":[{"embeddable":true,"href":"https:\/\/blogdoedvaldomagalhaes.com.br\/index.php\/wp-json\/wp\/v2\/comments?post=115413"}],"version-history":[{"count":1,"href":"https:\/\/blogdoedvaldomagalhaes.com.br\/index.php\/wp-json\/wp\/v2\/posts\/115413\/revisions"}],"predecessor-version":[{"id":115415,"href":"https:\/\/blogdoedvaldomagalhaes.com.br\/index.php\/wp-json\/wp\/v2\/posts\/115413\/revisions\/115415"}],"wp:featuredmedia":[{"embeddable":true,"href":"https:\/\/blogdoedvaldomagalhaes.com.br\/index.php\/wp-json\/wp\/v2\/media\/115414"}],"wp:attachment":[{"href":"https:\/\/blogdoedvaldomagalhaes.com.br\/index.php\/wp-json\/wp\/v2\/media?parent=115413"}],"wp:term":[{"taxonomy":"category","embeddable":true,"href":"https:\/\/blogdoedvaldomagalhaes.com.br\/index.php\/wp-json\/wp\/v2\/categories?post=115413"},{"taxonomy":"post_tag","embeddable":true,"href":"https:\/\/blogdoedvaldomagalhaes.com.br\/index.php\/wp-json\/wp\/v2\/tags?post=115413"}],"curies":[{"name":"wp","href":"https:\/\/api.w.org\/{rel}","templated":true}]}}