{"id":115410,"date":"2024-12-23T18:53:25","date_gmt":"2024-12-23T21:53:25","guid":{"rendered":"https:\/\/blogdoedvaldomagalhaes.com.br\/?p=115410"},"modified":"2024-12-23T18:53:25","modified_gmt":"2024-12-23T21:53:25","slug":"carro-bate-em-tanque-de-guerra-em-frente-ao-comando-do-exercito-na-br-232","status":"publish","type":"post","link":"https:\/\/blogdoedvaldomagalhaes.com.br\/index.php\/2024\/12\/23\/carro-bate-em-tanque-de-guerra-em-frente-ao-comando-do-exercito-na-br-232\/","title":{"rendered":"Carro bate em tanque de guerra em frente ao Comando do Ex\u00e9rcito na BR 232"},"content":{"rendered":"<p>A PRF foi acionada por volta das 8h deste domingo (22) para atendimento a sinistro no km 6 da BR-232, em Recife. Trata-se de uma colis\u00e3o entre moto e carro (Ecosport), este acabou ainda colidindo em um blindado, que fica em frente a um Comando do Ex\u00e9rcito.<\/p>\n<p>De acordo com informa\u00e7\u00e3o colhidas no local. Ap\u00f3s manobra de mudan\u00e7a de faixa os ve\u00edculos colidiram lateralmente. Condutor da moto acabou caindo do ve\u00edculo e o carro atingindo um ve\u00edculo blindado de guerra (objeto fixo).<\/p>\n<p>O homem que conduzia a moto n\u00e3o era habilitado. Ele foi socorrido para o hospital da restaura\u00e7\u00e3o com les\u00f5es leves. O condutor do autom\u00f3vel tamb\u00e9m sofreu ferimentos leves. Ele se recusou a fazer o teste do \u201cbaf\u00f4metro\u2019 e foi autuado. Uma crian\u00e7a de 9 anos que estava no carro tamb\u00e9m se feriu levemente. eles optaram por apenas receberem os primeiros socorros por equipe do Corpo de Bombeiros no local.<br \/>\nSiga o Instagram do Blog pelo @blogdoedvaldomagalhaes.<br \/>\nFoto: Divulga\u00e7\u00e3o\/PRF<\/p>\n","protected":false},"excerpt":{"rendered":"<p>A PRF foi acionada por volta das 8h deste domingo (22) para atendimento a sinistro no km 6 da BR-232,&hellip;<\/p>\n","protected":false},"author":1,"featured_media":115411,"comment_status":"closed","ping_status":"open","sticky":false,"template":"","format":"standard","meta":{"footnotes":""},"categories":[14120],"tags":[28803,27410,2,28801],"class_list":["post-115410","post","type-post","status-publish","format-standard","has-post-thumbnail","hentry","category-noticias","tag-blog-com-mais-visualizacoes","tag-blog-de-caruaru","tag-blog-do-edvaldo-magalhaes","tag-blog-mais-acessado"],"_links":{"self":[{"href":"https:\/\/blogdoedvaldomagalhaes.com.br\/index.php\/wp-json\/wp\/v2\/posts\/115410","targetHints":{"allow":["GET"]}}],"collection":[{"href":"https:\/\/blogdoedvaldomagalhaes.com.br\/index.php\/wp-json\/wp\/v2\/posts"}],"about":[{"href":"https:\/\/blogdoedvaldomagalhaes.com.br\/index.php\/wp-json\/wp\/v2\/types\/post"}],"author":[{"embeddable":true,"href":"https:\/\/blogdoedvaldomagalhaes.com.br\/index.php\/wp-json\/wp\/v2\/users\/1"}],"replies":[{"embeddable":true,"href":"https:\/\/blogdoedvaldomagalhaes.com.br\/index.php\/wp-json\/wp\/v2\/comments?post=115410"}],"version-history":[{"count":1,"href":"https:\/\/blogdoedvaldomagalhaes.com.br\/index.php\/wp-json\/wp\/v2\/posts\/115410\/revisions"}],"predecessor-version":[{"id":115412,"href":"https:\/\/blogdoedvaldomagalhaes.com.br\/index.php\/wp-json\/wp\/v2\/posts\/115410\/revisions\/115412"}],"wp:featuredmedia":[{"embeddable":true,"href":"https:\/\/blogdoedvaldomagalhaes.com.br\/index.php\/wp-json\/wp\/v2\/media\/115411"}],"wp:attachment":[{"href":"https:\/\/blogdoedvaldomagalhaes.com.br\/index.php\/wp-json\/wp\/v2\/media?parent=115410"}],"wp:term":[{"taxonomy":"category","embeddable":true,"href":"https:\/\/blogdoedvaldomagalhaes.com.br\/index.php\/wp-json\/wp\/v2\/categories?post=115410"},{"taxonomy":"post_tag","embeddable":true,"href":"https:\/\/blogdoedvaldomagalhaes.com.br\/index.php\/wp-json\/wp\/v2\/tags?post=115410"}],"curies":[{"name":"wp","href":"https:\/\/api.w.org\/{rel}","templated":true}]}}