{"id":115405,"date":"2024-12-23T17:27:52","date_gmt":"2024-12-23T20:27:52","guid":{"rendered":"https:\/\/blogdoedvaldomagalhaes.com.br\/?p=115405"},"modified":"2024-12-23T18:29:11","modified_gmt":"2024-12-23T21:29:11","slug":"governo-pe-vai-instalar-duas-mil-cameras-de-videomonitoramento-a-partir-do-primeiro-trimestre-de-2025","status":"publish","type":"post","link":"https:\/\/blogdoedvaldomagalhaes.com.br\/index.php\/2024\/12\/23\/governo-pe-vai-instalar-duas-mil-cameras-de-videomonitoramento-a-partir-do-primeiro-trimestre-de-2025\/","title":{"rendered":"Governo-PE vai instalar duas mil c\u00e2meras de videomonitoramento a partir do primeiro trimestre de 2025"},"content":{"rendered":"<p><span style=\"font-size: revert;\">A popula\u00e7\u00e3o pernambucana contar\u00e1, a partir do primeiro trimestre de 2025, com um importante refor\u00e7o no combate \u00e0 viol\u00eancia. Cerca de duas mil c\u00e2meras de videomonitoramento ser\u00e3o instaladas em todos os munic\u00edpios da Regi\u00e3o Metropolitana do Recife e em alguns localizados no interior, como Caruaru, no Agreste, e Petrolina, no Sert\u00e3o. Os equipamentos s\u00e3o digitais e com Intelig\u00eancia Artificial (IA), deixando para tr\u00e1s o modelo antigo dos equipamentos anal\u00f3gicos. O investimento ser\u00e1 de R$ 122,9 milh\u00f5es.<\/span><\/p>\n<p>\u201cA aquisi\u00e7\u00e3o dessas c\u00e2meras, mais modernas e, portanto, mais eficientes, se soma a uma s\u00e9rie de a\u00e7\u00f5es que est\u00e3o sendo implantadas em todo o Estado, atrav\u00e9s do Juntos pela Seguran\u00e7a, para garantir mais tranquilidade \u00e0 popula\u00e7\u00e3o. Essas a\u00e7\u00f5es j\u00e1 resultaram na redu\u00e7\u00e3o do n\u00famero de homic\u00eddios, em novembro, pelo 7\u00ba m\u00eas consecutivo, Seguiremos avan\u00e7ando no nosso compromisso de buscar, todos os dias, a paz social para os pernambucanos\u201d, afirmou a governadora Raquel Lyra.<\/p>\n<p>\u201cNeste per\u00edodo em que as c\u00e2meras est\u00e3o desativadas, as for\u00e7as policiais seguiram garantindo a seguran\u00e7a da popula\u00e7\u00e3o, com o trabalho integrado e efetivo de suas operativas, contando com o apoio de outras tecnologias, como o uso de drones, por exemplo, com destaque para a realiza\u00e7\u00e3o exitosa das opera\u00e7\u00f5es nos grandes eventos do Estado. As novas c\u00e2meras s\u00e3o mais um compromisso da governadora Raquel Lyra sendo cumprido e que fortalecer\u00e1 ainda mais a atua\u00e7\u00e3o do nosso efetivo no combate \u00e0 criminalidade\u201d, declarou o secret\u00e1rio de Defesa Social, Alessandro Carvalho.<\/p>\n<p>O Governo do Estado, por meio da Secretaria de Administra\u00e7\u00e3o (SAD), divulgou o nome da empresa vencedora da licita\u00e7\u00e3o das c\u00e2meras de videomonitoramento, a Teltex Tecnologia. A homologa\u00e7\u00e3o aconteceu na tarde da sexta-feira (20). A empresa ser\u00e1 respons\u00e1vel pela cobertura do sistema de seguran\u00e7a, em um contrato de cinco anos.<\/p>\n<p>A secret\u00e1ria de Administra\u00e7\u00e3o, Ana Mara\u00edza, comentou sobre esse processo licitat\u00f3rio. \u201cDevido \u00e0 complexidade do objeto e o valor a ser investido, essa licita\u00e7\u00e3o exigiu muitas etapas at\u00e9 que a empresa fosse declarada vitoriosa. Com o fim do processo e a homologa\u00e7\u00e3o da vencedora, os pernambucanos contar\u00e3o com equipamentos modernos que ajudar\u00e3o no combate \u00e0 criminalidade\u201d, pontuou a titular da pasta.<\/p>\n<p>HIST\u00d3RICO &#8211; Desde agosto de 2020, a presta\u00e7\u00e3o de servi\u00e7os das antigas c\u00e2meras estava sendo executada sem lastro contratual, com pagamentos sendo realizados por Termo de Ajuste de Contas &#8211; TAC, at\u00e9 fevereiro de 2023 &#8211; ocasi\u00e3o em que foi comunicada \u00e0 empresa prestadora de servi\u00e7os a impossibilidade de realiza\u00e7\u00e3o de novos TACs, em raz\u00e3o da decis\u00e3o proferida pela Segunda C\u00e2mara do Tribunal de Contas do Estado.<\/p>\n<p>Ainda sobre a descontinuidade do servi\u00e7o anterior &#8211; que n\u00e3o tinha contrato &#8211; tais c\u00e2meras foram instaladas no ano de 2012, posicionadas em lugares baseados em estat\u00edsticas daquele ano, tornando-se obsoletas e antiecon\u00f4micas. Com baixa qualidade de resolu\u00e7\u00e3o de imagem, os equipamentos impossibilitavam, na maioria dos casos, a identifica\u00e7\u00e3o da fisionomia e de placas de ve\u00edculos, por exemplo, envolvidos em ocorr\u00eancias.<\/p>\n<p>A partir da identifica\u00e7\u00e3o e da decis\u00e3o para realiza\u00e7\u00e3o de uma nova licita\u00e7\u00e3o, uma For\u00e7a-Tarefa envolvendo a SDS, a Secretaria de Administra\u00e7\u00e3o (SAD), a Ag\u00eancia de Tecnologia e Informa\u00e7\u00e3o (ATI) e a Procuradoria Geral do Estado (PGE) foi designada para seguir adiante com o processo at\u00e9 sua total conclus\u00e3o. <span style=\"font-size: revert;\">Foto: \u00a0Jana\u00edna Pepeu\/Secom<br \/>\nSiga o Instagram do Blog pelo @blogdoedvaldomagalhaes<\/span><\/p>\n","protected":false},"excerpt":{"rendered":"<p>A popula\u00e7\u00e3o pernambucana contar\u00e1, a partir do primeiro trimestre de 2025, com um importante refor\u00e7o no combate \u00e0 viol\u00eancia. Cerca&hellip;<\/p>\n","protected":false},"author":1,"featured_media":115408,"comment_status":"closed","ping_status":"open","sticky":false,"template":"","format":"standard","meta":{"footnotes":""},"categories":[14120],"tags":[30592,27410,2,28801],"class_list":["post-115405","post","type-post","status-publish","format-standard","has-post-thumbnail","hentry","category-noticias","tag-blog-com-mais-seguidores","tag-blog-de-caruaru","tag-blog-do-edvaldo-magalhaes","tag-blog-mais-acessado"],"_links":{"self":[{"href":"https:\/\/blogdoedvaldomagalhaes.com.br\/index.php\/wp-json\/wp\/v2\/posts\/115405","targetHints":{"allow":["GET"]}}],"collection":[{"href":"https:\/\/blogdoedvaldomagalhaes.com.br\/index.php\/wp-json\/wp\/v2\/posts"}],"about":[{"href":"https:\/\/blogdoedvaldomagalhaes.com.br\/index.php\/wp-json\/wp\/v2\/types\/post"}],"author":[{"embeddable":true,"href":"https:\/\/blogdoedvaldomagalhaes.com.br\/index.php\/wp-json\/wp\/v2\/users\/1"}],"replies":[{"embeddable":true,"href":"https:\/\/blogdoedvaldomagalhaes.com.br\/index.php\/wp-json\/wp\/v2\/comments?post=115405"}],"version-history":[{"count":2,"href":"https:\/\/blogdoedvaldomagalhaes.com.br\/index.php\/wp-json\/wp\/v2\/posts\/115405\/revisions"}],"predecessor-version":[{"id":115409,"href":"https:\/\/blogdoedvaldomagalhaes.com.br\/index.php\/wp-json\/wp\/v2\/posts\/115405\/revisions\/115409"}],"wp:featuredmedia":[{"embeddable":true,"href":"https:\/\/blogdoedvaldomagalhaes.com.br\/index.php\/wp-json\/wp\/v2\/media\/115408"}],"wp:attachment":[{"href":"https:\/\/blogdoedvaldomagalhaes.com.br\/index.php\/wp-json\/wp\/v2\/media?parent=115405"}],"wp:term":[{"taxonomy":"category","embeddable":true,"href":"https:\/\/blogdoedvaldomagalhaes.com.br\/index.php\/wp-json\/wp\/v2\/categories?post=115405"},{"taxonomy":"post_tag","embeddable":true,"href":"https:\/\/blogdoedvaldomagalhaes.com.br\/index.php\/wp-json\/wp\/v2\/tags?post=115405"}],"curies":[{"name":"wp","href":"https:\/\/api.w.org\/{rel}","templated":true}]}}