{"id":115402,"date":"2024-12-23T15:19:59","date_gmt":"2024-12-23T18:19:59","guid":{"rendered":"https:\/\/blogdoedvaldomagalhaes.com.br\/?p=115402"},"modified":"2024-12-23T15:19:59","modified_gmt":"2024-12-23T18:19:59","slug":"dois-sinistros-de-transito-envolvendo-tres-veiculos-na-br-232","status":"publish","type":"post","link":"https:\/\/blogdoedvaldomagalhaes.com.br\/index.php\/2024\/12\/23\/dois-sinistros-de-transito-envolvendo-tres-veiculos-na-br-232\/","title":{"rendered":"Dois sinistros de tr\u00e2nsito envolvendo tr\u00eas ve\u00edculos na BR 232"},"content":{"rendered":"<p>O sinistro de tr\u00e2nsito ocorreu por volta das 8h20, desta segunda-feira (23.12), no Km 103 da BR 408, em Recife, no sentido interior.<\/p>\n<p>O motorista de um carro perdeu o controle do ve\u00edculo, saiu da pista e capotou. A passageira ficou ferida e foi encaminhada para a UPA da regi\u00e3o. O motorista n\u00e3o ficou ferido. Ele realizou o teste do baf\u00f4metro e o resultado foi normal.<\/p>\n<p>No segundo sinistro, o tr\u00e2nsito estava lento, quando um segundo carro reduziu a velocidade, mas um terceiro carro n\u00e3o conseguiu desviar, saiu da pista e quando retornou colidiu na porta do segundo carro.<\/p>\n<p>Ningu\u00e9m ficou ferido no segundo sinistro, mas o motorista do terceiro carro se recusou a fazer o teste do baf\u00f4metro e estava com a carteira de habilita\u00e7\u00e3o vencida. Ele foi autuado por essas infra\u00e7\u00f5es.<\/p>\n<p>O motorista dos outros carros realizaram o teste do baf\u00f4metro e o resultado foi normal. Foto: Divulga\u00e7\u00e3o\/PRF<br \/>\nSiga o Instagram do Blog e comente<\/p>\n","protected":false},"excerpt":{"rendered":"<p>O sinistro de tr\u00e2nsito ocorreu por volta das 8h20, desta segunda-feira (23.12), no Km 103 da BR 408, em Recife,&hellip;<\/p>\n","protected":false},"author":1,"featured_media":115403,"comment_status":"closed","ping_status":"open","sticky":false,"template":"","format":"standard","meta":{"footnotes":""},"categories":[14123,14120],"tags":[14276,30592,27410,2,28801,30295],"class_list":["post-115402","post","type-post","status-publish","format-standard","has-post-thumbnail","hentry","category-futebol","category-noticias","tag-acidente","tag-blog-com-mais-seguidores","tag-blog-de-caruaru","tag-blog-do-edvaldo-magalhaes","tag-blog-mais-acessado","tag-sinistro"],"_links":{"self":[{"href":"https:\/\/blogdoedvaldomagalhaes.com.br\/index.php\/wp-json\/wp\/v2\/posts\/115402","targetHints":{"allow":["GET"]}}],"collection":[{"href":"https:\/\/blogdoedvaldomagalhaes.com.br\/index.php\/wp-json\/wp\/v2\/posts"}],"about":[{"href":"https:\/\/blogdoedvaldomagalhaes.com.br\/index.php\/wp-json\/wp\/v2\/types\/post"}],"author":[{"embeddable":true,"href":"https:\/\/blogdoedvaldomagalhaes.com.br\/index.php\/wp-json\/wp\/v2\/users\/1"}],"replies":[{"embeddable":true,"href":"https:\/\/blogdoedvaldomagalhaes.com.br\/index.php\/wp-json\/wp\/v2\/comments?post=115402"}],"version-history":[{"count":1,"href":"https:\/\/blogdoedvaldomagalhaes.com.br\/index.php\/wp-json\/wp\/v2\/posts\/115402\/revisions"}],"predecessor-version":[{"id":115404,"href":"https:\/\/blogdoedvaldomagalhaes.com.br\/index.php\/wp-json\/wp\/v2\/posts\/115402\/revisions\/115404"}],"wp:featuredmedia":[{"embeddable":true,"href":"https:\/\/blogdoedvaldomagalhaes.com.br\/index.php\/wp-json\/wp\/v2\/media\/115403"}],"wp:attachment":[{"href":"https:\/\/blogdoedvaldomagalhaes.com.br\/index.php\/wp-json\/wp\/v2\/media?parent=115402"}],"wp:term":[{"taxonomy":"category","embeddable":true,"href":"https:\/\/blogdoedvaldomagalhaes.com.br\/index.php\/wp-json\/wp\/v2\/categories?post=115402"},{"taxonomy":"post_tag","embeddable":true,"href":"https:\/\/blogdoedvaldomagalhaes.com.br\/index.php\/wp-json\/wp\/v2\/tags?post=115402"}],"curies":[{"name":"wp","href":"https:\/\/api.w.org\/{rel}","templated":true}]}}