{"id":115399,"date":"2024-12-23T08:31:20","date_gmt":"2024-12-23T11:31:20","guid":{"rendered":"https:\/\/blogdoedvaldomagalhaes.com.br\/?p=115399"},"modified":"2024-12-23T08:31:20","modified_gmt":"2024-12-23T11:31:20","slug":"noite-dos-campeoes-da-viola-acontece-em-riacho-das-almas-neste-sabado-28","status":"publish","type":"post","link":"https:\/\/blogdoedvaldomagalhaes.com.br\/index.php\/2024\/12\/23\/noite-dos-campeoes-da-viola-acontece-em-riacho-das-almas-neste-sabado-28\/","title":{"rendered":"Noite dos Campe\u00f5es da Viola acontece em Riacho das Almas, neste s\u00e1bado (28)"},"content":{"rendered":"<p><span style=\"font-size: revert;\">A viola e o improviso ter\u00e3o vez especial nas comemora\u00e7\u00f5es de 71 anos de emancipa\u00e7\u00e3o pol\u00edtica do munic\u00edpio de Riacho das Almas. No s\u00e1bado (28), a partir das 20h, ocorrer\u00e1 a 4\u00aa Noite dos Campe\u00f5es da Viola, ao lado da Igreja de S\u00e3o Sebasti\u00e3o, no Centro da cidade. O evento, organizado pelo poeta Luciano Leonel, ser\u00e1 gratuito.<\/span><\/p>\n<p>A programa\u00e7\u00e3o contar\u00e1 com grandes artistas, a exemplo de Ivanildo Vila Nova, Charles Gomes, Daniel Ol\u00edmpio, Ant\u00f4nio Lisboa, Evaldo Filho, Z\u00e9 Carlos do Paje\u00fa e Z\u00e9 Severino. Os declamadores Iponax Vila Nova, Espingarda do Cordel e Raudenio Lima tamb\u00e9m comp\u00f5em o elenco do evento.<\/p>\n<p>Para o organizador, esta programa\u00e7\u00e3o representa a valoriza\u00e7\u00e3o da poesia popular. &#8220;A cantoria de viola permanece viva e agregando multid\u00f5es. O improviso ganha destaque neste evento, que j\u00e1 \u00e9 consolidado na regi\u00e3o e demonstra a sensibilidade do poder p\u00fablico para com a cultura popular. Todos os que apreciam a nossa arte est\u00e3o convidados&#8221;, conclui Luciano Leonel, que tamb\u00e9m \u00e9 repentista.<br \/>\nSiga o Instagram do Blog pelo @blogdoedvaldomagalhaes.<br \/>\nFoto: Divulga\u00e7\u00e3o<\/p>\n","protected":false},"excerpt":{"rendered":"<p>A viola e o improviso ter\u00e3o vez especial nas comemora\u00e7\u00f5es de 71 anos de emancipa\u00e7\u00e3o pol\u00edtica do munic\u00edpio de Riacho&hellip;<\/p>\n","protected":false},"author":1,"featured_media":115400,"comment_status":"closed","ping_status":"open","sticky":false,"template":"","format":"standard","meta":{"footnotes":""},"categories":[14120],"tags":[32401,30592,27410,2,3678],"class_list":["post-115399","post","type-post","status-publish","format-standard","has-post-thumbnail","hentry","category-noticias","tag-blog-com-mais-acessos","tag-blog-com-mais-seguidores","tag-blog-de-caruaru","tag-blog-do-edvaldo-magalhaes","tag-riacho-das-almas"],"_links":{"self":[{"href":"https:\/\/blogdoedvaldomagalhaes.com.br\/index.php\/wp-json\/wp\/v2\/posts\/115399","targetHints":{"allow":["GET"]}}],"collection":[{"href":"https:\/\/blogdoedvaldomagalhaes.com.br\/index.php\/wp-json\/wp\/v2\/posts"}],"about":[{"href":"https:\/\/blogdoedvaldomagalhaes.com.br\/index.php\/wp-json\/wp\/v2\/types\/post"}],"author":[{"embeddable":true,"href":"https:\/\/blogdoedvaldomagalhaes.com.br\/index.php\/wp-json\/wp\/v2\/users\/1"}],"replies":[{"embeddable":true,"href":"https:\/\/blogdoedvaldomagalhaes.com.br\/index.php\/wp-json\/wp\/v2\/comments?post=115399"}],"version-history":[{"count":1,"href":"https:\/\/blogdoedvaldomagalhaes.com.br\/index.php\/wp-json\/wp\/v2\/posts\/115399\/revisions"}],"predecessor-version":[{"id":115401,"href":"https:\/\/blogdoedvaldomagalhaes.com.br\/index.php\/wp-json\/wp\/v2\/posts\/115399\/revisions\/115401"}],"wp:featuredmedia":[{"embeddable":true,"href":"https:\/\/blogdoedvaldomagalhaes.com.br\/index.php\/wp-json\/wp\/v2\/media\/115400"}],"wp:attachment":[{"href":"https:\/\/blogdoedvaldomagalhaes.com.br\/index.php\/wp-json\/wp\/v2\/media?parent=115399"}],"wp:term":[{"taxonomy":"category","embeddable":true,"href":"https:\/\/blogdoedvaldomagalhaes.com.br\/index.php\/wp-json\/wp\/v2\/categories?post=115399"},{"taxonomy":"post_tag","embeddable":true,"href":"https:\/\/blogdoedvaldomagalhaes.com.br\/index.php\/wp-json\/wp\/v2\/tags?post=115399"}],"curies":[{"name":"wp","href":"https:\/\/api.w.org\/{rel}","templated":true}]}}