{"id":115396,"date":"2024-12-22T12:13:17","date_gmt":"2024-12-22T15:13:17","guid":{"rendered":"https:\/\/blogdoedvaldomagalhaes.com.br\/?p=115396"},"modified":"2024-12-22T12:13:17","modified_gmt":"2024-12-22T15:13:17","slug":"moto-pega-fogo-apos-ser-atingida-por-veiculo-na-br-232-condutor-e-passageiro-ficam-feridos","status":"publish","type":"post","link":"https:\/\/blogdoedvaldomagalhaes.com.br\/index.php\/2024\/12\/22\/moto-pega-fogo-apos-ser-atingida-por-veiculo-na-br-232-condutor-e-passageiro-ficam-feridos\/","title":{"rendered":"Moto pega fogo ap\u00f3s ser atingida por ve\u00edculo na BR 232, condutor e passageiro ficam feridos"},"content":{"rendered":"<p>O sinistro ocorreu por volta das 8h30, no km 128 da BR 232, em Caruaru. <span style=\"font-size: revert;\">Foi uma colis\u00e3o de um ve\u00edculo n\u00e3o identificado em uma motocicleta. Na sequ\u00eancia, a moto pegou fogo no acostamento da rodovia. <\/span><span style=\"font-size: revert;\">O condutor e o passageiro da moto ficaram feridos e foram encaminhados para o Hospital Regional do Agreste.<\/span><\/p>\n<p>O condutor da moto teve queimaduras em partes do corpo. A passageira n\u00e3o teve queimadura, mas a princ\u00edpio ficou com uma fratura na perna. <span style=\"font-size: revert;\">Al\u00e9m da PRF, o Corpo de Bombeiros esteve presente e apagou as chamas. O SAMU tamb\u00e9m esteve no local. Foto: Divulga\u00e7\u00e3o\/PRF.<br \/>\nSiga o Instagram do Blog pelo www.blogdoedvaldomagalhaes.com.br<\/span><\/p>\n","protected":false},"excerpt":{"rendered":"<p>O sinistro ocorreu por volta das 8h30, no km 128 da BR 232, em Caruaru. Foi uma colis\u00e3o de um&hellip;<\/p>\n","protected":false},"author":1,"featured_media":115397,"comment_status":"closed","ping_status":"open","sticky":false,"template":"","format":"standard","meta":{"footnotes":""},"categories":[14120],"tags":[14276,28803,27410,2,28801,30295],"class_list":["post-115396","post","type-post","status-publish","format-standard","has-post-thumbnail","hentry","category-noticias","tag-acidente","tag-blog-com-mais-visualizacoes","tag-blog-de-caruaru","tag-blog-do-edvaldo-magalhaes","tag-blog-mais-acessado","tag-sinistro"],"_links":{"self":[{"href":"https:\/\/blogdoedvaldomagalhaes.com.br\/index.php\/wp-json\/wp\/v2\/posts\/115396","targetHints":{"allow":["GET"]}}],"collection":[{"href":"https:\/\/blogdoedvaldomagalhaes.com.br\/index.php\/wp-json\/wp\/v2\/posts"}],"about":[{"href":"https:\/\/blogdoedvaldomagalhaes.com.br\/index.php\/wp-json\/wp\/v2\/types\/post"}],"author":[{"embeddable":true,"href":"https:\/\/blogdoedvaldomagalhaes.com.br\/index.php\/wp-json\/wp\/v2\/users\/1"}],"replies":[{"embeddable":true,"href":"https:\/\/blogdoedvaldomagalhaes.com.br\/index.php\/wp-json\/wp\/v2\/comments?post=115396"}],"version-history":[{"count":1,"href":"https:\/\/blogdoedvaldomagalhaes.com.br\/index.php\/wp-json\/wp\/v2\/posts\/115396\/revisions"}],"predecessor-version":[{"id":115398,"href":"https:\/\/blogdoedvaldomagalhaes.com.br\/index.php\/wp-json\/wp\/v2\/posts\/115396\/revisions\/115398"}],"wp:featuredmedia":[{"embeddable":true,"href":"https:\/\/blogdoedvaldomagalhaes.com.br\/index.php\/wp-json\/wp\/v2\/media\/115397"}],"wp:attachment":[{"href":"https:\/\/blogdoedvaldomagalhaes.com.br\/index.php\/wp-json\/wp\/v2\/media?parent=115396"}],"wp:term":[{"taxonomy":"category","embeddable":true,"href":"https:\/\/blogdoedvaldomagalhaes.com.br\/index.php\/wp-json\/wp\/v2\/categories?post=115396"},{"taxonomy":"post_tag","embeddable":true,"href":"https:\/\/blogdoedvaldomagalhaes.com.br\/index.php\/wp-json\/wp\/v2\/tags?post=115396"}],"curies":[{"name":"wp","href":"https:\/\/api.w.org\/{rel}","templated":true}]}}