{"id":115388,"date":"2024-12-21T20:18:25","date_gmt":"2024-12-21T23:18:25","guid":{"rendered":"https:\/\/blogdoedvaldomagalhaes.com.br\/?p=115388"},"modified":"2024-12-21T20:18:25","modified_gmt":"2024-12-21T23:18:25","slug":"usuario-de-drogas-acusado-de-furto-em-barbearia-e-linchado-por-populares-e-preso","status":"publish","type":"post","link":"https:\/\/blogdoedvaldomagalhaes.com.br\/index.php\/2024\/12\/21\/usuario-de-drogas-acusado-de-furto-em-barbearia-e-linchado-por-populares-e-preso\/","title":{"rendered":"Usu\u00e1rio de drogas acusado de furto em barbearia \u00e9 linchado por populares e preso"},"content":{"rendered":"<p><span style=\"font-size: revert;\">Neste s\u00e1bado (21.12), por volta das 10h50, o efetivo do GATI se dirigiu at\u00e9 o bairro S\u00e3o Pedro, em Belo Jardim, onde populares estavam o acusado F.J.N.F. pois o mesmo havia cometido um furto em uma barbearia. Chegando ao local visualizaram o envolvido, que estava com machucados no rosto, por populares revoltados que se dispersaram com chegada do policiamento, a v\u00edtima do furto informou que acabara de prestar queixa na D.P, pois teve materiais subtra\u00eddos (03 maquinas de barbear) e teve seu telhado violado. Ele informou que diversas pessoas relataram que viram o acusado em cima do telhado, e que posteriormente encontrou uma foto 3&#215;4 do envolvido no local (supostamente deixou cair quando saiu). Ressalta-se que o acusado \u00e9 usu\u00e1rio de drogas e \u00e9 suspeito de cometer outros furtos no bairro. Diante dos fatos, conduziram as partes para delegacia para serem tomadas as medidas cab\u00edveis, resultando em APFD. Foto ilustrativa<br \/>\nSiga o Instagram do Blog pelo @blogdoedvaldomagalhaes<\/span><\/p>\n","protected":false},"excerpt":{"rendered":"<p>Neste s\u00e1bado (21.12), por volta das 10h50, o efetivo do GATI se dirigiu at\u00e9 o bairro S\u00e3o Pedro, em Belo&hellip;<\/p>\n","protected":false},"author":1,"featured_media":13852,"comment_status":"closed","ping_status":"open","sticky":false,"template":"","format":"standard","meta":{"footnotes":""},"categories":[14121],"tags":[29440,27410,2,28801],"class_list":["post-115388","post","type-post","status-publish","format-standard","has-post-thumbnail","hentry","category-policial","tag-blog-com-mais-visualizacao","tag-blog-de-caruaru","tag-blog-do-edvaldo-magalhaes","tag-blog-mais-acessado"],"_links":{"self":[{"href":"https:\/\/blogdoedvaldomagalhaes.com.br\/index.php\/wp-json\/wp\/v2\/posts\/115388","targetHints":{"allow":["GET"]}}],"collection":[{"href":"https:\/\/blogdoedvaldomagalhaes.com.br\/index.php\/wp-json\/wp\/v2\/posts"}],"about":[{"href":"https:\/\/blogdoedvaldomagalhaes.com.br\/index.php\/wp-json\/wp\/v2\/types\/post"}],"author":[{"embeddable":true,"href":"https:\/\/blogdoedvaldomagalhaes.com.br\/index.php\/wp-json\/wp\/v2\/users\/1"}],"replies":[{"embeddable":true,"href":"https:\/\/blogdoedvaldomagalhaes.com.br\/index.php\/wp-json\/wp\/v2\/comments?post=115388"}],"version-history":[{"count":1,"href":"https:\/\/blogdoedvaldomagalhaes.com.br\/index.php\/wp-json\/wp\/v2\/posts\/115388\/revisions"}],"predecessor-version":[{"id":115389,"href":"https:\/\/blogdoedvaldomagalhaes.com.br\/index.php\/wp-json\/wp\/v2\/posts\/115388\/revisions\/115389"}],"wp:featuredmedia":[{"embeddable":true,"href":"https:\/\/blogdoedvaldomagalhaes.com.br\/index.php\/wp-json\/wp\/v2\/media\/13852"}],"wp:attachment":[{"href":"https:\/\/blogdoedvaldomagalhaes.com.br\/index.php\/wp-json\/wp\/v2\/media?parent=115388"}],"wp:term":[{"taxonomy":"category","embeddable":true,"href":"https:\/\/blogdoedvaldomagalhaes.com.br\/index.php\/wp-json\/wp\/v2\/categories?post=115388"},{"taxonomy":"post_tag","embeddable":true,"href":"https:\/\/blogdoedvaldomagalhaes.com.br\/index.php\/wp-json\/wp\/v2\/tags?post=115388"}],"curies":[{"name":"wp","href":"https:\/\/api.w.org\/{rel}","templated":true}]}}