{"id":115199,"date":"2024-12-13T14:31:06","date_gmt":"2024-12-13T17:31:06","guid":{"rendered":"https:\/\/blogdoedvaldomagalhaes.com.br\/?p=115199"},"modified":"2024-12-13T14:31:06","modified_gmt":"2024-12-13T17:31:06","slug":"raquel-lyra-mais-quatro-anos-para-pernambuco-continuar-crescendo-por-jorge-quintino","status":"publish","type":"post","link":"https:\/\/blogdoedvaldomagalhaes.com.br\/index.php\/2024\/12\/13\/raquel-lyra-mais-quatro-anos-para-pernambuco-continuar-crescendo-por-jorge-quintino\/","title":{"rendered":"RAQUEL LYRA: Mais quatro anos para Pernambuco continuar crescendo &#8211; por Jorge Quintino"},"content":{"rendered":"<p><span style=\"font-size: revert;\">A governadora de Pernambuco, Raquel Lyra, tem demonstrado lideran\u00e7a e compet\u00eancia em sua gest\u00e3o, consolidando avan\u00e7os significativos em diversas \u00e1reas fundamentais para o Estado. Seu primeiro ano de mandato \u00e9 marcado por iniciativas que refletem um compromisso com o desenvolvimento econ\u00f4mico, a inclus\u00e3o social e a moderniza\u00e7\u00e3o da infraestrutura, refor\u00e7ando sua capacidade de conduzir Pernambuco rumo a um futuro ainda mais promissor.<\/span><\/p>\n<p>Uma das prioridades da governadora \u00e9 a educa\u00e7\u00e3o. Raquel Lyra tem trabalhado para transformar Pernambuco em um Estado que n\u00e3o apenas coordena o ensino fundamental, mas tamb\u00e9m colabora ativamente com os munic\u00edpios na implementa\u00e7\u00e3o das metas do Plano Nacional de Educa\u00e7\u00e3o. Al\u00e9m disso, investiu na melhoria do transporte escolar e na amplia\u00e7\u00e3o do n\u00famero de creches, promovendo maior acesso e qualidade no ensino infantil. Essas a\u00e7\u00f5es s\u00e3o fundamentais para assegurar uma base s\u00f3lida de aprendizagem e para reduzir desigualdades.<\/p>\n<p>A governadora tamb\u00e9m tem priorizado a \u00e1rea da sa\u00fade. Ap\u00f3s realizar um diagn\u00f3stico detalhado do sistema, foram inaugurados 300 novos leitos e descentralizados exames de maior complexidade. Com a previs\u00e3o de investir R$ 600 milh\u00f5es na constru\u00e7\u00e3o de novos hospitais e na requalifica\u00e7\u00e3o de equipamentos existentes, Raquel Lyra reafirma seu compromisso com a melhoria do acesso e da qualidade dos servi\u00e7os de sa\u00fade para a popula\u00e7\u00e3o pernambucana.<\/p>\n<p>Na cultura, Raquel Lyra aposta na economia criativa como estrat\u00e9gia para impulsionar o turismo e o desenvolvimento econ\u00f4mico, garantindo tamb\u00e9m o respeito e o apoio aos artistas. No esporte, sua gest\u00e3o tem retomado a constru\u00e7\u00e3o de equipamentos voltados para a pr\u00e1tica esportiva nas escolas, promovendo a cultura da paz e combatendo a viol\u00eancia entre torcedores com intelig\u00eancia policial e preven\u00e7\u00e3o.<\/p>\n<p>Uma das principais obras que marcar\u00e1 sua gest\u00e3o \u00e9 o Arco Metropolitano, que conectar\u00e1 a BR-232 ao Porto de Suape. O projeto, dividido em duas etapas, promete alavancar o desenvolvimento log\u00edstico e industrial da regi\u00e3o. A primeira fase ser\u00e1 viabilizada em parceria com o Governo Federal, com previs\u00e3o de conclus\u00e3o em tr\u00eas anos. Ao mesmo, Raquel Lyra, faz a duplica\u00e7\u00e3o no trecho da BR, de S\u00e3o Caetano a Arcoverde.<\/p>\n<p>Apesar de encontrar dificuldades financeiras no in\u00edcio do mandato, Raquel Lyra conseguiu captar empr\u00e9stimos de forma recorde, priorizando a reestrutura\u00e7\u00e3o econ\u00f4mica do Estado. Em rela\u00e7\u00e3o \u00e0 Compesa, seu governo busca torn\u00e1-la mais eficiente e atrativa para investimentos, garantindo servi\u00e7os h\u00eddricos de maior qualidade.<\/p>\n<p>Com uma vis\u00e3o clara e determina\u00e7\u00e3o, Raquel Lyra tem mostrado que \u00e9 poss\u00edvel superar desafios e promover avan\u00e7os em \u00e1reas cruciais. Seu trabalho \u00e9 amplamente reconhecido por lideran\u00e7as nacionais, como o Ministro dos Transportes, que destacou a import\u00e2ncia de sua decis\u00e3o em assumir as obras do Arco Metropolitano.<\/p>\n<p>Para os pr\u00f3ximos anos, Pernambuco tem a oportunidade de continuar crescendo sob a lideran\u00e7a de Raquel Lyra. Sua gest\u00e3o equilibrada, que une investimento em infraestrutura, educa\u00e7\u00e3o, sa\u00fade e cultura, garante um legado de progresso e desenvolvimento para o Estado vive de fato um estado de mudan\u00e7as. Que venham mais quatro anos de avan\u00e7os para Pernambuco.<\/p>\n<p>Jorge Quintino, \u00e9 vereador de Caruaru.<br \/>\nFoto: Reprodu\u00e7\u00e3o<\/p>\n","protected":false},"excerpt":{"rendered":"<p>A governadora de Pernambuco, Raquel Lyra, tem demonstrado lideran\u00e7a e compet\u00eancia em sua gest\u00e3o, consolidando avan\u00e7os significativos em diversas \u00e1reas&hellip;<\/p>\n","protected":false},"author":1,"featured_media":0,"comment_status":"closed","ping_status":"open","sticky":false,"template":"","format":"standard","meta":{"footnotes":""},"categories":[14122],"tags":[30592,27410,2,28801,1229],"class_list":["post-115199","post","type-post","status-publish","format-standard","hentry","category-politica","tag-blog-com-mais-seguidores","tag-blog-de-caruaru","tag-blog-do-edvaldo-magalhaes","tag-blog-mais-acessado","tag-raquel-lyra"],"_links":{"self":[{"href":"https:\/\/blogdoedvaldomagalhaes.com.br\/index.php\/wp-json\/wp\/v2\/posts\/115199","targetHints":{"allow":["GET"]}}],"collection":[{"href":"https:\/\/blogdoedvaldomagalhaes.com.br\/index.php\/wp-json\/wp\/v2\/posts"}],"about":[{"href":"https:\/\/blogdoedvaldomagalhaes.com.br\/index.php\/wp-json\/wp\/v2\/types\/post"}],"author":[{"embeddable":true,"href":"https:\/\/blogdoedvaldomagalhaes.com.br\/index.php\/wp-json\/wp\/v2\/users\/1"}],"replies":[{"embeddable":true,"href":"https:\/\/blogdoedvaldomagalhaes.com.br\/index.php\/wp-json\/wp\/v2\/comments?post=115199"}],"version-history":[{"count":1,"href":"https:\/\/blogdoedvaldomagalhaes.com.br\/index.php\/wp-json\/wp\/v2\/posts\/115199\/revisions"}],"predecessor-version":[{"id":115200,"href":"https:\/\/blogdoedvaldomagalhaes.com.br\/index.php\/wp-json\/wp\/v2\/posts\/115199\/revisions\/115200"}],"wp:attachment":[{"href":"https:\/\/blogdoedvaldomagalhaes.com.br\/index.php\/wp-json\/wp\/v2\/media?parent=115199"}],"wp:term":[{"taxonomy":"category","embeddable":true,"href":"https:\/\/blogdoedvaldomagalhaes.com.br\/index.php\/wp-json\/wp\/v2\/categories?post=115199"},{"taxonomy":"post_tag","embeddable":true,"href":"https:\/\/blogdoedvaldomagalhaes.com.br\/index.php\/wp-json\/wp\/v2\/tags?post=115199"}],"curies":[{"name":"wp","href":"https:\/\/api.w.org\/{rel}","templated":true}]}}