{"id":115076,"date":"2024-12-08T20:18:04","date_gmt":"2024-12-08T23:18:04","guid":{"rendered":"https:\/\/blogdoedvaldomagalhaes.com.br\/?p=115076"},"modified":"2024-12-08T20:18:04","modified_gmt":"2024-12-08T23:18:04","slug":"morre-edilson-gomes-um-dos-fundadores-do-maria-jose-recepcoes","status":"publish","type":"post","link":"https:\/\/blogdoedvaldomagalhaes.com.br\/index.php\/2024\/12\/08\/morre-edilson-gomes-um-dos-fundadores-do-maria-jose-recepcoes\/","title":{"rendered":"Morre Edilson Gomes, um dos fundadores do Maria Jos\u00e9 Recep\u00e7\u00f5es"},"content":{"rendered":"<p>Faleceu \u00e0s 12h30 deste domingo (08.12), o empres\u00e1rio Edilson Gomes, um dos fundadores da empresa Maria Jos\u00e9 Recep\u00e7\u00f5es. Deixando vi\u00fava a senhora, MARIA JOS\u00c9 e os filhos: \u00c9RICO, PERICLES,ENRICO e DAYSE.<br \/>\nO vel\u00f3rio est\u00e1 acontecendo no cemit\u00e9rio Parque dos Arcos onde o corpo ser\u00e1 sepultado \u00e0s 10h, desta segunda-feira (09.12).<br \/>\nSiga o Instagram do Blog pelo @blogdoedvaldomagalhaes<br \/>\nFoto: Divulga\u00e7\u00e3o<\/p>\n","protected":false},"excerpt":{"rendered":"<p>Faleceu \u00e0s 12h30 deste domingo (08.12), o empres\u00e1rio Edilson Gomes, um dos fundadores da empresa Maria Jos\u00e9 Recep\u00e7\u00f5es. Deixando vi\u00fava&hellip;<\/p>\n","protected":false},"author":1,"featured_media":115077,"comment_status":"closed","ping_status":"open","sticky":false,"template":"","format":"standard","meta":{"footnotes":""},"categories":[14120],"tags":[29440,27410,2,32316,32328],"class_list":["post-115076","post","type-post","status-publish","format-standard","has-post-thumbnail","hentry","category-noticias","tag-blog-com-mais-visualizacao","tag-blog-de-caruaru","tag-blog-do-edvaldo-magalhaes","tag-blog-mais-a-acessado","tag-morre-edilson-gomes-um-dos-fundadores-do-maria-jose-recepcoes"],"_links":{"self":[{"href":"https:\/\/blogdoedvaldomagalhaes.com.br\/index.php\/wp-json\/wp\/v2\/posts\/115076","targetHints":{"allow":["GET"]}}],"collection":[{"href":"https:\/\/blogdoedvaldomagalhaes.com.br\/index.php\/wp-json\/wp\/v2\/posts"}],"about":[{"href":"https:\/\/blogdoedvaldomagalhaes.com.br\/index.php\/wp-json\/wp\/v2\/types\/post"}],"author":[{"embeddable":true,"href":"https:\/\/blogdoedvaldomagalhaes.com.br\/index.php\/wp-json\/wp\/v2\/users\/1"}],"replies":[{"embeddable":true,"href":"https:\/\/blogdoedvaldomagalhaes.com.br\/index.php\/wp-json\/wp\/v2\/comments?post=115076"}],"version-history":[{"count":1,"href":"https:\/\/blogdoedvaldomagalhaes.com.br\/index.php\/wp-json\/wp\/v2\/posts\/115076\/revisions"}],"predecessor-version":[{"id":115078,"href":"https:\/\/blogdoedvaldomagalhaes.com.br\/index.php\/wp-json\/wp\/v2\/posts\/115076\/revisions\/115078"}],"wp:featuredmedia":[{"embeddable":true,"href":"https:\/\/blogdoedvaldomagalhaes.com.br\/index.php\/wp-json\/wp\/v2\/media\/115077"}],"wp:attachment":[{"href":"https:\/\/blogdoedvaldomagalhaes.com.br\/index.php\/wp-json\/wp\/v2\/media?parent=115076"}],"wp:term":[{"taxonomy":"category","embeddable":true,"href":"https:\/\/blogdoedvaldomagalhaes.com.br\/index.php\/wp-json\/wp\/v2\/categories?post=115076"},{"taxonomy":"post_tag","embeddable":true,"href":"https:\/\/blogdoedvaldomagalhaes.com.br\/index.php\/wp-json\/wp\/v2\/tags?post=115076"}],"curies":[{"name":"wp","href":"https:\/\/api.w.org\/{rel}","templated":true}]}}