{"id":115051,"date":"2024-12-08T13:24:54","date_gmt":"2024-12-08T16:24:54","guid":{"rendered":"https:\/\/blogdoedvaldomagalhaes.com.br\/?p=115051"},"modified":"2024-12-08T13:27:47","modified_gmt":"2024-12-08T16:27:47","slug":"governadora-raquel-lyra-prestigia-120a-festa-do-morro-no-dia-de-nossa-senhora-da-conceicao","status":"publish","type":"post","link":"https:\/\/blogdoedvaldomagalhaes.com.br\/index.php\/2024\/12\/08\/governadora-raquel-lyra-prestigia-120a-festa-do-morro-no-dia-de-nossa-senhora-da-conceicao\/","title":{"rendered":"Governadora Raquel Lyra prestigia 120\u00aa Festa do Morro, no dia de Nossa Senhora da Concei\u00e7\u00e3o"},"content":{"rendered":"<p>No in\u00edcio da manh\u00e3 deste domingo (08.12), a governadora Raquel Lyra prestigiou a 120\u00aa edi\u00e7\u00e3o da Festa de Nossa Senhora da Imaculada Concei\u00e7\u00e3o, no Morro da Concei\u00e7\u00e3o, Zona Norte do Recife. Neste ano, a festividade tem como tema \u201c120 anos de peregrina\u00e7\u00e3o e esperan\u00e7a com a Imaculada Concei\u00e7\u00e3o do Morro\u201d, e o Governo de Pernambuco, por meio da Secretaria de Cultura e Funda\u00e7\u00e3o do Patrim\u00f4nio Hist\u00f3rico e Art\u00edstico de Pernambuco (Fundarpe), apoia o evento com R$ 360 mil. A Secretaria de Desenvolvimento Urbano e Habita\u00e7\u00e3o (Seduh), por sua vez, entregou no dia 26 de novembro a coberta do Santu\u00e1rio totalmente restaurada, a\u00e7\u00e3o que recebeu um aporte de R$ 1,5 milh\u00e3o ap\u00f3s o teto do espa\u00e7o desabar deixando duas v\u00edtimas no final de agosto. A vice-governadora Priscila Krause tamb\u00e9m participou da visita. \u00c0 noite, \u00e0s 18h, a chefe do Executivo estadual retorna ao Morro para participar da Missa Solene de Encerramento da festa.<\/p>\n<p>\u201cJ\u00e1 venho h\u00e1 alguns anos ao Morro celebrar a minha f\u00e9 junto com as pessoas, professando algo que \u00e9 maior do que n\u00f3s. Trabalhamos muito este ano para que este Santu\u00e1rio estivesse de p\u00e9, foram 60 dias de obras para as pessoas professarem a sua f\u00e9 em seguran\u00e7a. Aqui agradeci pelo ano que passou e pela oportunidade de fazer parte da hist\u00f3ria desse lugar, relembrando a hist\u00f3ria de Seu Ant\u00f4nio e Dona Maria, falecidos na trag\u00e9dia de agosto. Tamb\u00e9m pedi ben\u00e7\u00e3o e sabedoria para tudo o que vem pela frente\u201d, disse a governadora Raquel Lyra.<\/p>\n<p>A vice-governadora Priscila Krause destacou a import\u00e2ncia da tradi\u00e7\u00e3o das homenagens a Nossa Senhora da Concei\u00e7\u00e3o no Recife. \u201cNa Festa do Morro, a Regi\u00e3o Metropolitana do Recife e Pernambuco, como um todo, se encontram para expressar sua f\u00e9 em Deus e em Nossa Senhora. E este ano, depois das dificuldades com o desabamento do teto do Santu\u00e1rio, esse encontro tem um significado ainda mais especial. Estamos felizes por contribuir para que esse espa\u00e7o esteja reerguido, para que a festa possa ocorrer em sua plenitude\u201d, afirmou.<\/p>\n<p>Para que os fi\u00e9is, moradores e comerciantes participassem da celebra\u00e7\u00e3o em seguran\u00e7a, a Pol\u00edcia Militar refor\u00e7ou o policiamento no Morro com cerca de 200 homens por dia. O Corpo de Bombeiros, por sua vez, contou com um efetivo de 13 militares por dia, um acr\u00e9scimo de seis militares em rela\u00e7\u00e3o ao efetivo empregado em 2023.<\/p>\n<p>A manicure Perla Lemos, moradora do Recife, aproveitou a manh\u00e3 do domingo para celebrar Nossa Senhora da Concei\u00e7\u00e3o. \u201cEu venho todos os anos \u00e0 festa e acredito muito em Nossa Senhora. Sou devota de tradi\u00e7\u00e3o familiar. Fiquei muito feliz com a reconstru\u00e7\u00e3o do templo\u201d, declarou.<\/p>\n<p>RECONSTRU\u00c7\u00c3O &#8211; A governadora Raquel Lyra entregou no dia 26 de novembro a obra de reconstru\u00e7\u00e3o do Santu\u00e1rio do Morro, aproximadamente 60 dias ap\u00f3s o desabamento ocorrido em agosto. A nova cobertura met\u00e1lica foi finalizada com a estrutura executada em uma parceria entre as secretarias de Desenvolvimento Urbano e Habita\u00e7\u00e3o e Projetos Especiais, al\u00e9m da Fundarpe, com um termo de fomento que teve investimento de R$ 1,5 milh\u00e3o.<\/p>\n<p>Para a realiza\u00e7\u00e3o da festividade, o Governo de Pernambuco ainda realizou a instala\u00e7\u00e3o de estruturas provis\u00f3rias de ilumina\u00e7\u00e3o, sonoriza\u00e7\u00e3o, climatiza\u00e7\u00e3o e cadeiras. Ap\u00f3s o encerramento das comemora\u00e7\u00f5es, o governo iniciar\u00e1 a segunda etapa do projeto, que inclui substitui\u00e7\u00e3o de esquadrias de vidro, recupera\u00e7\u00e3o de acabamentos internos, instala\u00e7\u00e3o de um novo forro ac\u00fastico em gesso, melhorias na ilumina\u00e7\u00e3o e reorganiza\u00e7\u00e3o da \u00e1rea externa. O investimento total do Governo do Estado ser\u00e1 de R$ 3 milh\u00f5es, considerando tamb\u00e9m a assinatura do segundo termo de fomento.<\/p>\n<p>Tamb\u00e9m acompanharam a agenda o ministro da Pesca e Aquicultura, Andr\u00e9 de Paula; os deputados estaduais D\u00e9bora Almeida e Kaio Mani\u00e7oba; os secret\u00e1rios estaduais Herc\u00edlio Mamede (Casa Militar), Juliana Gouveia (Mulher), Alexandre Schneider (Educa\u00e7\u00e3o), Ana Mara\u00edza (Administra\u00e7\u00e3o), Fernando Holanda (Assessoria Especial \u00e0 Governadora e Rela\u00e7\u00f5es Internacionais), Simone Nunes (Desenvolvimento Urbano e Habita\u00e7\u00e3o); o diretor-presidente da Ag\u00eancia de Desenvolvimento Econ\u00f4mico de Pernambuco (Adepe), Andr\u00e9 Teixeira; o presidente da Empresa de Turismo de Pernambuco (Empetur), Eduardo Loyo; e os vereadores do Recife Doduel Varela e Felipe Alecrim.<br \/>\nSiga o Instagram do Blog pelo @blogdoedvaldomagalhaes<\/p>\n<p><img loading=\"lazy\" decoding=\"async\" class=\"wp-image-115054 alignnone size-full\" src=\"https:\/\/blogdoedvaldomagalhaes.com.br\/wp-content\/uploads\/2024\/12\/img-20241208-wa01343554777541503656042.jpg\" width=\"2000\" height=\"1334\" srcset=\"https:\/\/blogdoedvaldomagalhaes.com.br\/wp-content\/uploads\/2024\/12\/img-20241208-wa01343554777541503656042.jpg 2000w, https:\/\/blogdoedvaldomagalhaes.com.br\/wp-content\/uploads\/2024\/12\/img-20241208-wa01343554777541503656042-300x200.jpg 300w, https:\/\/blogdoedvaldomagalhaes.com.br\/wp-content\/uploads\/2024\/12\/img-20241208-wa01343554777541503656042-1024x683.jpg 1024w, https:\/\/blogdoedvaldomagalhaes.com.br\/wp-content\/uploads\/2024\/12\/img-20241208-wa01343554777541503656042-768x512.jpg 768w, https:\/\/blogdoedvaldomagalhaes.com.br\/wp-content\/uploads\/2024\/12\/img-20241208-wa01343554777541503656042-1536x1025.jpg 1536w\" sizes=\"auto, (max-width: 2000px) 100vw, 2000px\" \/><\/p>\n<p><img loading=\"lazy\" decoding=\"async\" class=\"wp-image-115055 alignnone size-full\" src=\"https:\/\/blogdoedvaldomagalhaes.com.br\/wp-content\/uploads\/2024\/12\/img-20241208-wa01326466220278760475202.jpg\" width=\"2000\" height=\"1334\" srcset=\"https:\/\/blogdoedvaldomagalhaes.com.br\/wp-content\/uploads\/2024\/12\/img-20241208-wa01326466220278760475202.jpg 2000w, https:\/\/blogdoedvaldomagalhaes.com.br\/wp-content\/uploads\/2024\/12\/img-20241208-wa01326466220278760475202-300x200.jpg 300w, https:\/\/blogdoedvaldomagalhaes.com.br\/wp-content\/uploads\/2024\/12\/img-20241208-wa01326466220278760475202-1024x683.jpg 1024w, https:\/\/blogdoedvaldomagalhaes.com.br\/wp-content\/uploads\/2024\/12\/img-20241208-wa01326466220278760475202-768x512.jpg 768w, https:\/\/blogdoedvaldomagalhaes.com.br\/wp-content\/uploads\/2024\/12\/img-20241208-wa01326466220278760475202-1536x1025.jpg 1536w\" sizes=\"auto, (max-width: 2000px) 100vw, 2000px\" \/><\/p>\n<p>Fotos : Hes\u00edodo G\u00f3es\/Secom<\/p>\n","protected":false},"excerpt":{"rendered":"<p>No in\u00edcio da manh\u00e3 deste domingo (08.12), a governadora Raquel Lyra prestigiou a 120\u00aa edi\u00e7\u00e3o da Festa de Nossa Senhora&hellip;<\/p>\n","protected":false},"author":1,"featured_media":115052,"comment_status":"closed","ping_status":"open","sticky":false,"template":"","format":"standard","meta":{"footnotes":""},"categories":[14122],"tags":[28803,27410,2,28801,32326],"class_list":["post-115051","post","type-post","status-publish","format-standard","has-post-thumbnail","hentry","category-politica","tag-blog-com-mais-visualizacoes","tag-blog-de-caruaru","tag-blog-do-edvaldo-magalhaes","tag-blog-mais-acessado","tag-governadora-raquel-lyra-prestigia-120a-festa-do-morro"],"_links":{"self":[{"href":"https:\/\/blogdoedvaldomagalhaes.com.br\/index.php\/wp-json\/wp\/v2\/posts\/115051","targetHints":{"allow":["GET"]}}],"collection":[{"href":"https:\/\/blogdoedvaldomagalhaes.com.br\/index.php\/wp-json\/wp\/v2\/posts"}],"about":[{"href":"https:\/\/blogdoedvaldomagalhaes.com.br\/index.php\/wp-json\/wp\/v2\/types\/post"}],"author":[{"embeddable":true,"href":"https:\/\/blogdoedvaldomagalhaes.com.br\/index.php\/wp-json\/wp\/v2\/users\/1"}],"replies":[{"embeddable":true,"href":"https:\/\/blogdoedvaldomagalhaes.com.br\/index.php\/wp-json\/wp\/v2\/comments?post=115051"}],"version-history":[{"count":2,"href":"https:\/\/blogdoedvaldomagalhaes.com.br\/index.php\/wp-json\/wp\/v2\/posts\/115051\/revisions"}],"predecessor-version":[{"id":115056,"href":"https:\/\/blogdoedvaldomagalhaes.com.br\/index.php\/wp-json\/wp\/v2\/posts\/115051\/revisions\/115056"}],"wp:featuredmedia":[{"embeddable":true,"href":"https:\/\/blogdoedvaldomagalhaes.com.br\/index.php\/wp-json\/wp\/v2\/media\/115052"}],"wp:attachment":[{"href":"https:\/\/blogdoedvaldomagalhaes.com.br\/index.php\/wp-json\/wp\/v2\/media?parent=115051"}],"wp:term":[{"taxonomy":"category","embeddable":true,"href":"https:\/\/blogdoedvaldomagalhaes.com.br\/index.php\/wp-json\/wp\/v2\/categories?post=115051"},{"taxonomy":"post_tag","embeddable":true,"href":"https:\/\/blogdoedvaldomagalhaes.com.br\/index.php\/wp-json\/wp\/v2\/tags?post=115051"}],"curies":[{"name":"wp","href":"https:\/\/api.w.org\/{rel}","templated":true}]}}