{"id":115047,"date":"2024-12-08T11:04:29","date_gmt":"2024-12-08T14:04:29","guid":{"rendered":"https:\/\/blogdoedvaldomagalhaes.com.br\/?p=115047"},"modified":"2024-12-08T11:04:29","modified_gmt":"2024-12-08T14:04:29","slug":"dezembro-vermelho-secretaria-de-saude-de-caruaru-vai-promover-o-5o-simposio-multidisciplinar-em-hiv-aids","status":"publish","type":"post","link":"https:\/\/blogdoedvaldomagalhaes.com.br\/index.php\/2024\/12\/08\/dezembro-vermelho-secretaria-de-saude-de-caruaru-vai-promover-o-5o-simposio-multidisciplinar-em-hiv-aids\/","title":{"rendered":"Dezembro Vermelho &#8211; Secretaria de Sa\u00fade de Caruaru vai promover o 5\u00ba Simp\u00f3sio Multidisciplinar em HIV\/Aids"},"content":{"rendered":"<p style=\"font-weight: 400;\"><span style=\"font-size: revert;\" data-removefontsize=\"true\" data-originalcomputedfontsize=\"16\">A Secretaria de Sa\u00fade de Caruaru (SMS), ir\u00e1 promover, no pr\u00f3ximo dia 11, o V Simp\u00f3sio Multidisciplinar em HIV\/Aids, que em 2024 traz o tema &#8220;Descentralizando o cuidado \u00e0s PVHA&#8221;, o mesmo da campanha nacional do Dezembro Vermelho, deste ano, no munic\u00edpio. O evento \u00e9 voltado para estudantes e profissionais da \u00e1rea da Sa\u00fade e ser\u00e1 realizado no segundo andar do Campus II da Asces-Unita, das 08h \u00e0s 17h. As atividades ser\u00e3o iniciadas no audit\u00f3rio e redistribu\u00eddas para as salas 201, 202, 203, 211 e 216. As inscri\u00e7\u00f5es s\u00e3o gratuitas e disponibilizadas at\u00e9 o dia 09 de dezembro, atrav\u00e9s do link <\/span><a style=\"font-size: revert;\" href=\"https:\/\/forms.gle\/FnL2wix4NYQWLzNE7\" data-saferedirecturl=\"https:\/\/www.google.com\/url?q=https:\/\/forms.gle\/FnL2wix4NYQWLzNE7&amp;source=gmail&amp;ust=1733344037618000&amp;usg=AOvVaw3zQzFfcJNiioZYxfnz3ktb\"><u><span data-removefontsize=\"true\" data-originalcomputedfontsize=\"16\">https:\/\/forms.gle\/FnL2wix4NYQWLzNE7<\/span><\/u><\/a><span style=\"font-size: revert;\" data-removefontsize=\"true\" data-originalcomputedfontsize=\"16\">\u00a0.<\/span><\/p>\n<p style=\"font-weight: 400;\">\n<p style=\"font-weight: 400;\">\n<p style=\"font-weight: 400;\"><span data-removefontsize=\"true\" data-originalcomputedfontsize=\"16\">A programa\u00e7\u00e3o do simp\u00f3sio vai contar com palestras e um minicurso. O in\u00edcio do evento vai ser com a palestra de abertura: &#8220;Cen\u00e1rio Epidemiol\u00f3gico: Vamos chegar ao fim da epidemia de HIV\/AIDS em 2030?&#8221;. Al\u00e9m dela, ser\u00e3o ministradas palestras tem\u00e1ticas pela manh\u00e3 e o minicurso: \u201cDescentralizando o Cuidado da PVHA na Rede de Aten\u00e7\u00e3o B\u00e1sica\u201d, \u00e0 tarde. Na oportunidade, quatro grupos de trabalho ser\u00e3o formados para a constru\u00e7\u00e3o de um projeto piloto.<\/span><\/p>\n<p style=\"font-weight: 400;\">\n<p style=\"font-weight: 400;\"><span data-removefontsize=\"true\" data-originalcomputedfontsize=\"16\">Em Caruaru, a campanha do Dezembro Vermelho ser\u00e1 uma a\u00e7\u00e3o intersetorial, onde estar\u00e3o \u00e0 frente os profissionais do Centro de Testagem e Aconselhamento (CTA) e <\/span><span data-removefontsize=\"true\" data-originalcomputedfontsize=\"16\">do SAE &#8211; Servi\u00e7o de Assist\u00eancia Especializada<\/span><span data-removefontsize=\"true\" data-originalcomputedfontsize=\"16\">, <\/span><span data-removefontsize=\"true\" data-originalcomputedfontsize=\"16\">assim como a Coordena\u00e7\u00e3o da Vigil\u00e2ncia Epidemiol\u00f3gica do munic\u00edpio. Dessa forma, a programa\u00e7\u00e3o vai contar tamb\u00e9m com a\u00e7\u00f5es de testagem de HIV\/Aids e IST\u2019s, aconselhamento, distribui\u00e7\u00e3o de preservativos e palestras no Centro Pop, Hospital Manoel Afonso, UBS Luiz Bezerra Torres, Hospital Mestre Vitalino e empresas privadas.<\/span><\/p>\n<p style=\"font-weight: 400;\">\n<p style=\"font-weight: 400;\">\n<p style=\"font-weight: 400;\"><span data-removefontsize=\"true\" data-originalcomputedfontsize=\"16\">Programa\u00e7\u00e3o do 5\u00ba Simp\u00f3sio Multidisciplinar em HIV\/Aids:<\/span><\/p>\n<p style=\"font-weight: 400;\">\n<p style=\"font-weight: 400;\"><strong><span data-removefontsize=\"true\" data-originalcomputedfontsize=\"16\">Manh\u00e3:<\/span><\/strong><\/p>\n<p style=\"font-weight: 400;\">\n<p style=\"font-weight: 400;\"><span data-removefontsize=\"true\" data-originalcomputedfontsize=\"16\">8h \u00e0s 8h30 \u00a0Caf\u00e9 da manh\u00e3 &#8220;vermelho&#8221; + credenciamento<\/span><\/p>\n<p style=\"font-weight: 400;\">\n<p style=\"font-weight: 400;\">\n<p style=\"font-weight: 400;\"><span data-removefontsize=\"true\" data-originalcomputedfontsize=\"16\">8h30 Abertura do evento<\/span><\/p>\n<p style=\"font-weight: 400;\"><span data-removefontsize=\"true\" data-originalcomputedfontsize=\"16\">SMS (GGAE, GAB, VS), SPM, SDSDH, Coordena\u00e7\u00e3o Estadual de IST\/HIV\/AIDS, Gestos (ONG)<\/span><\/p>\n<p style=\"font-weight: 400;\">\n<p style=\"font-weight: 400;\"><span data-removefontsize=\"true\" data-originalcomputedfontsize=\"16\">9h &#8211; Palestra<\/span><\/p>\n<p style=\"font-weight: 400;\"><span data-removefontsize=\"true\" data-originalcomputedfontsize=\"16\">Cen\u00e1rio epidemiol\u00f3gico: vamos chegar ao fim da epidemia de HIV\/Aids em 2030? <\/span><\/p>\n<p style=\"font-weight: 400;\"><span data-removefontsize=\"true\" data-originalcomputedfontsize=\"16\">Facilitadora: Grazielle Vasconcelos, Coordena\u00e7\u00e3o Estadual do\u00a0<\/span><span data-removefontsize=\"true\" data-originalcomputedfontsize=\"16\">Programa IST\u2019s \/Aids<\/span><\/p>\n<p style=\"font-weight: 400;\">\n<p style=\"font-weight: 400;\"><span data-removefontsize=\"true\" data-originalcomputedfontsize=\"16\">9h30 &#8211; Caf\u00e9 Cient\u00edfico: PrEP onde estamos?<\/span><\/p>\n<p style=\"font-weight: 400;\"><span data-removefontsize=\"true\" data-originalcomputedfontsize=\"16\">Facilitadores: Gisele Alves e Igor Wesland (CTA\/SMS)<\/span><\/p>\n<p style=\"font-weight: 400;\">\n<p style=\"font-weight: 400;\"><span data-removefontsize=\"true\" data-originalcomputedfontsize=\"16\">9h40 Intervalo com roda de conversa: \u00a0AHF e o papel do agente vinculador <\/span><\/p>\n<p style=\"font-weight: 400;\"><span data-removefontsize=\"true\" data-originalcomputedfontsize=\"16\">Facilitadora: Eliane Vasconcelos (AHF) <\/span><\/p>\n<p style=\"font-weight: 400;\">\n<p style=\"font-weight: 400;\"><span data-removefontsize=\"true\" data-originalcomputedfontsize=\"16\">10h \u00a0Mesa multidisciplinar<\/span><\/p>\n<p style=\"font-weight: 400;\"><span data-removefontsize=\"true\" data-originalcomputedfontsize=\"16\">Tema: O cuidado com as PVHA e a Aids Avan\u00e7ada <\/span><\/p>\n<p style=\"font-weight: 400;\"><span data-removefontsize=\"true\" data-originalcomputedfontsize=\"16\">Modera\u00e7\u00e3o: Dr\u00aa Eline Gomes (m\u00e9dica infectologista do SAE Caruaru)<\/span><\/p>\n<p style=\"font-weight: 400;\">\n<p style=\"font-weight: 400;\"><span data-removefontsize=\"true\" data-originalcomputedfontsize=\"16\">&#8211; A vis\u00e3o da enfermagem &#8211; Facilitadora: Hyla Mendon\u00e7a (SAE Caruaru)<\/span><\/p>\n<p style=\"font-weight: 400;\"><span data-removefontsize=\"true\" data-originalcomputedfontsize=\"16\">&#8211; A vis\u00e3o m\u00e9dica &#8211; Facilitadora: Mar\u00edlia Camelo (SAE Caruaru\/AHF)<\/span><\/p>\n<p style=\"font-weight: 400;\"><span data-removefontsize=\"true\" data-originalcomputedfontsize=\"16\">&#8211; A vis\u00e3o do\/a farmac\u00eautica &#8211; Facilitadora: Everthon Farias (SAE Caruaru)<\/span><\/p>\n<p style=\"font-weight: 400;\"><span data-removefontsize=\"true\" data-originalcomputedfontsize=\"16\">&#8211; Novas tecnologias em diagn\u00f3stico (testes r\u00e1pidos LF-LAM, CrAg, Histo) &#8211; Facilitador: Demetrius Montenegro (infectologista HUOC\/RHP)<\/span><\/p>\n<p style=\"font-weight: 400;\"><span data-removefontsize=\"true\" data-originalcomputedfontsize=\"16\">&#8211; Aids Avan\u00e7ada em Crian\u00e7as &#8211; a vis\u00e3o da pediatria &#8211; Facilitador: Mayra Dias (SES\/PE)<\/span><\/p>\n<p style=\"font-weight: 400;\">\n<p style=\"font-weight: 400;\"><span data-removefontsize=\"true\" data-originalcomputedfontsize=\"16\">11h50 Debate<\/span><\/p>\n<p style=\"font-weight: 400;\">\n<p style=\"font-weight: 400;\"><span data-removefontsize=\"true\" data-originalcomputedfontsize=\"16\">12h Apresenta\u00e7\u00e3o do Boletim Epidemiol\u00f3gico SMS Caruaru &#8211; Facilitadores: Efraim e Luana Priscila (VE\/SMS)<\/span><\/p>\n<p style=\"font-weight: 400;\">\n<p style=\"font-weight: 400;\"><span data-removefontsize=\"true\" data-originalcomputedfontsize=\"16\">12h15 \u00a0intervalo para almo\u00e7o (N\u00e3o ser\u00e1 fornecido almo\u00e7o aos participantes)<\/span><\/p>\n<p style=\"font-weight: 400;\">\n<p style=\"font-weight: 400;\"><strong><span data-removefontsize=\"true\" data-originalcomputedfontsize=\"16\">Tarde<\/span><\/strong><\/p>\n<p style=\"font-weight: 400;\">\n<p style=\"font-weight: 400;\"><span data-removefontsize=\"true\" data-originalcomputedfontsize=\"16\">14h Minicurso Descentralizando o Cuidado da PVHA na Aten\u00e7\u00e3o B\u00e1sica<\/span><\/p>\n<p style=\"font-weight: 400;\"><span data-removefontsize=\"true\" data-originalcomputedfontsize=\"16\">Coordena\u00e7\u00e3o e Modera\u00e7\u00e3o: Dr\u00aa Eline Gomes (m\u00e9dica infectologista e coordenadora municipal do SAE) e Luana Gualberto (coordenadora municipal da Sa\u00fade da Mulher)<\/span><\/p>\n<p style=\"font-weight: 400;\">\n<p style=\"font-weight: 400;\"><span data-removefontsize=\"true\" data-originalcomputedfontsize=\"16\">4 grupos de trabalho para construir um projeto piloto <\/span><\/p>\n<p style=\"font-weight: 400;\">\n<p style=\"font-weight: 400;\"><span data-removefontsize=\"true\" data-originalcomputedfontsize=\"16\">1 &#8211; Prep e PEP na Aten\u00e7\u00e3o B\u00e1sica &#8211; Como poderia ser?<\/span><\/p>\n<p style=\"font-weight: 400;\"><span data-removefontsize=\"true\" data-originalcomputedfontsize=\"16\">Monitores: Hyla Mendon\u00e7a (SAE Caruaru) <\/span><\/p>\n<p style=\"font-weight: 400;\">\n<p style=\"font-weight: 400;\"><span data-removefontsize=\"true\" data-originalcomputedfontsize=\"16\">2 &#8211; o Paciente com Aids avan\u00e7ada na Aten\u00e7\u00e3o B\u00e1sica: quais os cuidados mais importantes?<\/span><\/p>\n<p style=\"font-weight: 400;\"><span data-removefontsize=\"true\" data-originalcomputedfontsize=\"16\">Monitora: Viviane Xavier (MFC\/SMS)<\/span><\/p>\n<p style=\"font-weight: 400;\">\n<p style=\"font-weight: 400;\"><span data-removefontsize=\"true\" data-originalcomputedfontsize=\"16\">3 &#8211; Processos de comunica\u00e7\u00e3o e como superar estigma e discrimina\u00e7\u00e3o na Aten\u00e7\u00e3o B\u00e1sica?<\/span><\/p>\n<p style=\"font-weight: 400;\"><span data-removefontsize=\"true\" data-originalcomputedfontsize=\"16\">Monitores: Thiago (ONG gestos)<\/span><\/p>\n<p style=\"font-weight: 400;\">\n<p style=\"font-weight: 400;\"><span data-removefontsize=\"true\" data-originalcomputedfontsize=\"16\">4 &#8211; Vigil\u00e2ncia Epidemiol\u00f3gica e diagn\u00f3stico na Aten\u00e7\u00e3o B\u00e1sica: estrat\u00e9gias de implanta\u00e7\u00e3o <\/span><\/p>\n<p style=\"font-weight: 400;\"><span data-removefontsize=\"true\" data-originalcomputedfontsize=\"16\">Monitores: Jaqueline Roberta (Laborat\u00f3rio municipal\/SMS) e Luana Priscila (VE\/SMS)<\/span><\/p>\n<p style=\"font-weight: 400;\">\n<p style=\"font-weight: 400;\"><span data-removefontsize=\"true\" data-originalcomputedfontsize=\"16\">Tarefa: Debater e construir um fluxograma sobre o tema<\/span><\/p>\n<p style=\"font-weight: 400;\">\n<p style=\"font-weight: 400;\"><span data-removefontsize=\"true\" data-originalcomputedfontsize=\"16\">16h Apresenta\u00e7\u00e3o dos fluxos de cada subgrupo e debate<\/span><\/p>\n<p style=\"font-weight: 400;\">\n<p style=\"font-weight: 400;\"><span data-removefontsize=\"true\" data-originalcomputedfontsize=\"16\">17h encerramento.<br \/>\nSiga o Instagram do Blog @blogdoedvaldomagalhaes<\/span><\/p>\n","protected":false},"excerpt":{"rendered":"<p>A Secretaria de Sa\u00fade de Caruaru (SMS), ir\u00e1 promover, no pr\u00f3ximo dia 11, o V Simp\u00f3sio Multidisciplinar em HIV\/Aids, que&hellip;<\/p>\n","protected":false},"author":1,"featured_media":115048,"comment_status":"closed","ping_status":"open","sticky":false,"template":"","format":"standard","meta":{"footnotes":""},"categories":[14120],"tags":[29440,27410,2,28801],"class_list":["post-115047","post","type-post","status-publish","format-standard","has-post-thumbnail","hentry","category-noticias","tag-blog-com-mais-visualizacao","tag-blog-de-caruaru","tag-blog-do-edvaldo-magalhaes","tag-blog-mais-acessado"],"_links":{"self":[{"href":"https:\/\/blogdoedvaldomagalhaes.com.br\/index.php\/wp-json\/wp\/v2\/posts\/115047","targetHints":{"allow":["GET"]}}],"collection":[{"href":"https:\/\/blogdoedvaldomagalhaes.com.br\/index.php\/wp-json\/wp\/v2\/posts"}],"about":[{"href":"https:\/\/blogdoedvaldomagalhaes.com.br\/index.php\/wp-json\/wp\/v2\/types\/post"}],"author":[{"embeddable":true,"href":"https:\/\/blogdoedvaldomagalhaes.com.br\/index.php\/wp-json\/wp\/v2\/users\/1"}],"replies":[{"embeddable":true,"href":"https:\/\/blogdoedvaldomagalhaes.com.br\/index.php\/wp-json\/wp\/v2\/comments?post=115047"}],"version-history":[{"count":1,"href":"https:\/\/blogdoedvaldomagalhaes.com.br\/index.php\/wp-json\/wp\/v2\/posts\/115047\/revisions"}],"predecessor-version":[{"id":115049,"href":"https:\/\/blogdoedvaldomagalhaes.com.br\/index.php\/wp-json\/wp\/v2\/posts\/115047\/revisions\/115049"}],"wp:featuredmedia":[{"embeddable":true,"href":"https:\/\/blogdoedvaldomagalhaes.com.br\/index.php\/wp-json\/wp\/v2\/media\/115048"}],"wp:attachment":[{"href":"https:\/\/blogdoedvaldomagalhaes.com.br\/index.php\/wp-json\/wp\/v2\/media?parent=115047"}],"wp:term":[{"taxonomy":"category","embeddable":true,"href":"https:\/\/blogdoedvaldomagalhaes.com.br\/index.php\/wp-json\/wp\/v2\/categories?post=115047"},{"taxonomy":"post_tag","embeddable":true,"href":"https:\/\/blogdoedvaldomagalhaes.com.br\/index.php\/wp-json\/wp\/v2\/tags?post=115047"}],"curies":[{"name":"wp","href":"https:\/\/api.w.org\/{rel}","templated":true}]}}