{"id":115044,"date":"2024-12-08T10:56:20","date_gmt":"2024-12-08T13:56:20","guid":{"rendered":"https:\/\/blogdoedvaldomagalhaes.com.br\/?p=115044"},"modified":"2024-12-08T10:56:20","modified_gmt":"2024-12-08T13:56:20","slug":"inscricoes-abertas-para-5a-conferencia-municipal-do-meio-ambiente-em-caruaru","status":"publish","type":"post","link":"https:\/\/blogdoedvaldomagalhaes.com.br\/index.php\/2024\/12\/08\/inscricoes-abertas-para-5a-conferencia-municipal-do-meio-ambiente-em-caruaru\/","title":{"rendered":"Inscri\u00e7\u00f5es abertas para 5\u00aa Confer\u00eancia Municipal do Meio Ambiente em Caruaru"},"content":{"rendered":"<p>A Secretaria de Servi\u00e7os P\u00fablicos e Sustentabilidade (Sesp), promove, no dia 12 de dezembro, a 5\u00aa edi\u00e7\u00e3o da Confer\u00eancia Municipal do Meio Ambiente. O evento acontecer\u00e1 no audit\u00f3rio da Faculdade Pit\u00e1goras, localizado na <a href=\"https:\/\/www.google.com\/maps\/search\/rua+Cleto+Campelo,+36?entry=gmail&amp;source=g\" data-saferedirecturl=\"https:\/\/www.google.com\/url?q=https:\/\/www.google.com\/maps\/search\/rua%2BCleto%2BCampelo,%2B36?entry%3Dgmail%26source%3Dg&amp;source=gmail&amp;ust=1733347306791000&amp;usg=AOvVaw3uRSfxBcw6B8nt0BtuKCFR\" data-removefontsize=\"true\" data-originalcomputedfontsize=\"16\">rua Cleto Campelo, 36<\/a>, bairro Maur\u00edcio de Nassau. As inscri\u00e7\u00f5es s\u00e3o gratuitas, sendo realizadas de forma online pelo site: <a href=\"http:\/\/sympla.com.br\/evento\/5-conferencia-municipal-do-meio-ambiente\" target=\"_blank\" rel=\"noopener\" data-saferedirecturl=\"https:\/\/www.google.com\/url?q=http:\/\/sympla.com.br\/evento\/5-conferencia-municipal-do-meio-ambiente&amp;source=gmail&amp;ust=1733347306791000&amp;usg=AOvVaw0gHvFkVXbvZPEY1bKxVvmI\" data-removefontsize=\"true\" data-originalcomputedfontsize=\"16\">sympla.com.br\/evento\/5-<wbr \/>conferencia-municipal-do-meio-<wbr \/>ambiente<\/a>, ou de forma presencial, no local do evento.<\/p>\n<p>A Confer\u00eancia \u00e9 uma das etapas mais importantes da 5\u00aa Confer\u00eancia Nacional do Meio Ambiente (CNMA) e tem como objetivo incentivar a ampla participa\u00e7\u00e3o da popula\u00e7\u00e3o na constru\u00e7\u00e3o de propostas para enfrentar os desafios clim\u00e1ticos, al\u00e9m de eleger delegados que representar\u00e3o o munic\u00edpio na etapa estadual.<\/p>\n<p><b data-removefontsize=\"true\" data-originalcomputedfontsize=\"16\">Confira a programa\u00e7\u00e3o:<\/b><\/p>\n<p>07h30 &#8211; Credenciamento;<br \/>\n08h30 \u2013 Abertura da 5\u00aa Confer\u00eancia Municipal do Meio Ambiente;<br \/>\n10h &#8211; Momento de participa\u00e7\u00e3o nos Grupos de Trabalho;<br \/>\n11h30 \u2013 Intervalo para almo\u00e7o;<br \/>\n13h30 &#8211; Plen\u00e1ria, Leitura e Defesa;<br \/>\nPrioriza\u00e7\u00e3o das propostas e vota\u00e7\u00e3o dos delegados;<br \/>\n16h &#8211; Encerramento.<\/p>\n<p><b data-removefontsize=\"true\" data-originalcomputedfontsize=\"16\">SOBRE A CONFER\u00caNCIA<\/b><\/p>\n<p>Durante as confer\u00eancias municipais, os participantes poder\u00e3o apresentar propostas contra os efeitos causadores da emerg\u00eancia clim\u00e1tica para os cinco eixos definidos pela 5\u00aa Confer\u00eancia Nacional do Meio Ambiente: mitiga\u00e7\u00e3o; adapta\u00e7\u00e3o e prepara\u00e7\u00e3o para desastres; justi\u00e7a clim\u00e1tica;<br \/>\ntransforma\u00e7\u00e3o ecol\u00f3gica; e governan\u00e7a e educa\u00e7\u00e3o ambiental.<\/p>\n<p>Qualquer pessoa maior de 16 anos pode participar da confer\u00eancia e votar nos delegados(as). Poder\u00e3o ser levantadas, por munic\u00edpio, at\u00e9 dez propostas, sendo duas para cada um dos eixos tem\u00e1ticos.<\/p>\n<p>As propostas priorizadas ser\u00e3o encaminhadas para a Comiss\u00e3o Organizadora Estadual e ser\u00e3o<br \/>\ninclu\u00eddas no Caderno de Propostas que ser\u00e1 debatido nas Confer\u00eancias Estaduais.<\/p>\n<p>Para o Secret\u00e1rio de Servi\u00e7os P\u00fablicos e Sustentabilidade, Vital Flor\u00eancio, a participa\u00e7\u00e3o da popula\u00e7\u00e3o \u00e9 fundamental.<\/p>\n<p>\u201cA participa\u00e7\u00e3o da popula\u00e7\u00e3o \u00e9 de extrema import\u00e2ncia na Confer\u00eancia. \u00c9 atrav\u00e9s da participa\u00e7\u00e3o p\u00fablica que teremos um debate amplo sobre as mudan\u00e7as do clima e novas pol\u00edticas de preserva\u00e7\u00e3o ambiental\u201d, comentou o Secret\u00e1rio.<br \/>\nSiga o Instagram do Blog pelo @blogdoedvaldomagalhaes<\/p>\n","protected":false},"excerpt":{"rendered":"<p>A Secretaria de Servi\u00e7os P\u00fablicos e Sustentabilidade (Sesp), promove, no dia 12 de dezembro, a 5\u00aa edi\u00e7\u00e3o da Confer\u00eancia Municipal&hellip;<\/p>\n","protected":false},"author":1,"featured_media":115045,"comment_status":"closed","ping_status":"open","sticky":false,"template":"","format":"standard","meta":{"footnotes":""},"categories":[14120],"tags":[30592,27410,2,28801],"class_list":["post-115044","post","type-post","status-publish","format-standard","has-post-thumbnail","hentry","category-noticias","tag-blog-com-mais-seguidores","tag-blog-de-caruaru","tag-blog-do-edvaldo-magalhaes","tag-blog-mais-acessado"],"_links":{"self":[{"href":"https:\/\/blogdoedvaldomagalhaes.com.br\/index.php\/wp-json\/wp\/v2\/posts\/115044","targetHints":{"allow":["GET"]}}],"collection":[{"href":"https:\/\/blogdoedvaldomagalhaes.com.br\/index.php\/wp-json\/wp\/v2\/posts"}],"about":[{"href":"https:\/\/blogdoedvaldomagalhaes.com.br\/index.php\/wp-json\/wp\/v2\/types\/post"}],"author":[{"embeddable":true,"href":"https:\/\/blogdoedvaldomagalhaes.com.br\/index.php\/wp-json\/wp\/v2\/users\/1"}],"replies":[{"embeddable":true,"href":"https:\/\/blogdoedvaldomagalhaes.com.br\/index.php\/wp-json\/wp\/v2\/comments?post=115044"}],"version-history":[{"count":1,"href":"https:\/\/blogdoedvaldomagalhaes.com.br\/index.php\/wp-json\/wp\/v2\/posts\/115044\/revisions"}],"predecessor-version":[{"id":115046,"href":"https:\/\/blogdoedvaldomagalhaes.com.br\/index.php\/wp-json\/wp\/v2\/posts\/115044\/revisions\/115046"}],"wp:featuredmedia":[{"embeddable":true,"href":"https:\/\/blogdoedvaldomagalhaes.com.br\/index.php\/wp-json\/wp\/v2\/media\/115045"}],"wp:attachment":[{"href":"https:\/\/blogdoedvaldomagalhaes.com.br\/index.php\/wp-json\/wp\/v2\/media?parent=115044"}],"wp:term":[{"taxonomy":"category","embeddable":true,"href":"https:\/\/blogdoedvaldomagalhaes.com.br\/index.php\/wp-json\/wp\/v2\/categories?post=115044"},{"taxonomy":"post_tag","embeddable":true,"href":"https:\/\/blogdoedvaldomagalhaes.com.br\/index.php\/wp-json\/wp\/v2\/tags?post=115044"}],"curies":[{"name":"wp","href":"https:\/\/api.w.org\/{rel}","templated":true}]}}