{"id":115041,"date":"2024-12-08T10:44:42","date_gmt":"2024-12-08T13:44:42","guid":{"rendered":"https:\/\/blogdoedvaldomagalhaes.com.br\/?p=115041"},"modified":"2024-12-08T10:44:42","modified_gmt":"2024-12-08T13:44:42","slug":"rede-publica-estadual-inicia-matriculas-para-o-ano-letivo-de-2025-pela-internet","status":"publish","type":"post","link":"https:\/\/blogdoedvaldomagalhaes.com.br\/index.php\/2024\/12\/08\/rede-publica-estadual-inicia-matriculas-para-o-ano-letivo-de-2025-pela-internet\/","title":{"rendered":"Rede P\u00fablica Estadual inicia matr\u00edculas para o ano letivo de 2025 pela internet"},"content":{"rendered":"<p dir=\"ltr\"><span style=\"font-size: revert;\" data-originalfontsize=\"12pt\" data-originalcomputedfontsize=\"16\">A Secretaria de Educa\u00e7\u00e3o e Esportes de Pernambuco (SEE) inicia o processo de matr\u00edcula e cadastro escolar a partir desta ter\u00e7a-feira (10), englobando todas as etapas internas e externas para o ano letivo de 2025. As inscri\u00e7\u00f5es dever\u00e3o ser realizadas at\u00e9 o dia 27 de dezembro, pelo site <\/span><a style=\"font-size: revert;\" href=\"http:\/\/www.matricularapida.pe.gov.br\/\" target=\"_blank\" rel=\"noopener\" data-saferedirecturl=\"https:\/\/www.google.com\/url?q=http:\/\/www.matricularapida.pe.gov.br&amp;source=gmail&amp;ust=1733438123083000&amp;usg=AOvVaw1PhwH3JS1W1b2ytob_xbwQ\"><span data-originalfontsize=\"12pt\" data-originalcomputedfontsize=\"16\">www.matricularapida.pe.gov.br<\/span><\/a><span style=\"font-size: revert;\" data-originalfontsize=\"12pt\" data-originalcomputedfontsize=\"16\">, para vagas nos ensinos fundamental, m\u00e9dio e Educa\u00e7\u00e3o de Jovens e Adultos (EJA). A Rede Estadual possui escolas distribu\u00eddas em todos os munic\u00edpios de Pernambuco e atende aproximadamente 500 mil estudantes. \u00a0<\/span><\/p>\n<p dir=\"ltr\"><span data-originalfontsize=\"12pt\" data-originalcomputedfontsize=\"16\">Para 2025, ser\u00e3o ofertadas 176.942 vagas para estudantes novatos, das quais 99.609 j\u00e1 foram preenchidas por crian\u00e7as e jovens oriundos das redes municipais em processo realizado ao longo do segundo semestre. Portanto, nesta etapa est\u00e3o sendo ofertadas 77.333 vagas, sendo 9.513 distribu\u00eddas no Recife, 18.662 nos demais munic\u00edpios da Regi\u00e3o Metropolitana e 49.158 no interior, contemplando Zona da Mata, Agreste e Sert\u00e3o.\u00a0<\/span><\/p>\n<p dir=\"ltr\"><span data-originalfontsize=\"12pt\" data-originalcomputedfontsize=\"16\">Do total de vagas dispon\u00edveis para 2025, 23.315 s\u00e3o para o Ensino Fundamental (Anos Finais) e 54.018 para o Ensino M\u00e9dio. Est\u00e1 inclusa nestas vagas a Educa\u00e7\u00e3o de Jovens e Adultos (EJA). Neste conjunto de vagas para o pr\u00f3ximo ano, est\u00e3o sendo disponibilizadas 37.702 para as Escolas em Tempo Integral, sendo 13.556 nas unidades concentradas em Recife e Regi\u00e3o Metropolitana e 24.146 no interior.\u00a0<\/span><\/p>\n<p dir=\"ltr\"><span data-originalfontsize=\"12pt\" data-originalcomputedfontsize=\"16\">As matr\u00edculas de cerca de 361 mil estudantes da Rede Estadual foram asseguradas automaticamente para o ano seguinte de sua trajet\u00f3ria escolar, por meio do Sistema de Informa\u00e7\u00f5es Educacionais de Pernambuco (SIEPE).\u00a0<\/span><\/p>\n<p dir=\"ltr\"><span data-originalfontsize=\"12pt\" data-originalcomputedfontsize=\"16\">Como novidade para este ano, os alunos novatos contar\u00e3o com uma ferramenta adicional de geolocaliza\u00e7\u00e3o, que auxiliar\u00e1 os pais e respons\u00e1veis ou estudantes maiores de idade, no processo de escolha da escola mais pr\u00f3xima da sua resid\u00eancia ou de um endere\u00e7o de refer\u00eancia, visando \u00e0 s\u00e9rie almejada.\u00a0<\/span><\/p>\n<p dir=\"ltr\"><span data-originalfontsize=\"12pt\" data-originalcomputedfontsize=\"16\">\u00c9 importante ressaltar que as Escolas T\u00e9cnicas Estaduais (ETEs) n\u00e3o integram este processo, pois o ingresso nessas unidades ocorre por meio de inscri\u00e7\u00e3o e processo seletivo.\u00a0<\/span><\/p>\n<p dir=\"ltr\"><span data-originalfontsize=\"12pt\" data-originalcomputedfontsize=\"16\">Para apoiar os pais e respons\u00e1veis que n\u00e3o possuem acesso \u00e0 internet, a SEE disponibilizar\u00e1 laborat\u00f3rios de inform\u00e1tica com acesso \u00e0 rede em mais de 300 escolas, al\u00e9m da Central de Atendimento, acess\u00edvel pelo n\u00famero 0800 286 0086, de segunda a s\u00e1bado, das 7h \u00e0s 19h.\u00a0<\/span><\/p>\n<p dir=\"ltr\"><span data-originalfontsize=\"12pt\" data-originalcomputedfontsize=\"16\">Cadastro &#8211; <\/span><span data-originalfontsize=\"12pt\" data-originalcomputedfontsize=\"16\">Ao iniciar o processo de cadastro, faz-se indispens\u00e1vel que todas as informa\u00e7\u00f5es sejam preenchidas pelos pais ou respons\u00e1veis, ou, no caso de estudantes maiores de 18 anos, pelo pr\u00f3prio aluno. Ser\u00e1 necess\u00e1rio o fornecimento de dados, como nome completo, data de nascimento, endere\u00e7o, escola de origem, nome do respons\u00e1vel e telefone para contato, al\u00e9m do n\u00famero do CPF, que, a partir deste ano, ser\u00e1 de car\u00e1ter obrigat\u00f3rio.\u00a0<\/span><\/p>\n<p dir=\"ltr\"><span data-originalfontsize=\"12pt\" data-originalcomputedfontsize=\"16\">Ao t\u00e9rmino do preenchimento, ser\u00e1 emitido um protocolo de confirma\u00e7\u00e3o, o qual dever\u00e1 ser anotado ou impresso para apresenta\u00e7\u00e3o no ato de efetiva\u00e7\u00e3o da matr\u00edcula. Os estudantes que desejarem realizar altera\u00e7\u00e3o de cadastro para outra escola no Matr\u00edcula R\u00e1pida, poder\u00e3o efetuar a altera\u00e7\u00e3o ao longo do per\u00edodo de matr\u00edcula (at\u00e9 o dia 27 de dezembro), acessando o campo \u201cConsulte sua Inscri\u00e7\u00e3o\u201d. Vale ressaltar que a troca somente ser\u00e1 processada mediante disponibilidade de vagas.\u00a0<\/span><\/p>\n<p dir=\"ltr\"><span data-originalfontsize=\"12pt\" data-originalcomputedfontsize=\"16\">Efetiva\u00e7\u00e3o da Matr\u00edcula &#8211; <\/span><span data-originalfontsize=\"12pt\" data-originalcomputedfontsize=\"16\">No per\u00edodo de 06 a 17 de janeiro, todos os respons\u00e1veis que realizarem o cadastro, sejam provenientes das redes municipais ou novos ingressantes, dever\u00e3o comparecer presencialmente \u00e0 unidade escolar para a efetiva\u00e7\u00e3o da matr\u00edcula e entrega dos documentos necess\u00e1rios. As vagas n\u00e3o confirmadas retornar\u00e3o ao sistema de cadastro (<\/span><a href=\"http:\/\/www.matricularapida.pe.gov.br\/\" target=\"_blank\" rel=\"noopener\" data-saferedirecturl=\"https:\/\/www.google.com\/url?q=http:\/\/www.matricularapida.pe.gov.br&amp;source=gmail&amp;ust=1733438123083000&amp;usg=AOvVaw1PhwH3JS1W1b2ytob_xbwQ\"><span data-originalfontsize=\"12pt\" data-originalcomputedfontsize=\"16\">www.matricularapida.pe.gov.br<\/span><\/a><span data-originalfontsize=\"12pt\" data-originalcomputedfontsize=\"16\"><wbr \/>) para uma segunda oportunidade de inscri\u00e7\u00e3o, dispon\u00edvel entre os dias 20 e 23 de janeiro.\u00a0<\/span><\/p>\n<p dir=\"ltr\"><span data-originalfontsize=\"12pt\" data-originalcomputedfontsize=\"16\">Para a confirma\u00e7\u00e3o da matr\u00edcula dos estudantes, os pais ou respons\u00e1veis dever\u00e3o apresentar os seguintes documentos: n\u00famero de inscri\u00e7\u00e3o referente ao Cadastro 2025; c\u00f3pia da certid\u00e3o de nascimento; hist\u00f3rico escolar original ou declara\u00e7\u00e3o oficial da \u00faltima institui\u00e7\u00e3o de ensino frequentada; CPF; comprovante de resid\u00eancia contendo CEP; c\u00f3pia da carteira de vacina\u00e7\u00e3o; comprovante de tipo sangu\u00edneo e fator RH; al\u00e9m de uma foto recente no formato 3&#215;4. Imagem: Divulga\u00e7\u00e3o.<br \/>\nSiga o Instagram do Blog pelo @blogdoedvaldomagalhaes<\/span><\/p>\n","protected":false},"excerpt":{"rendered":"<p>A Secretaria de Educa\u00e7\u00e3o e Esportes de Pernambuco (SEE) inicia o processo de matr\u00edcula e cadastro escolar a partir desta&hellip;<\/p>\n","protected":false},"author":1,"featured_media":115042,"comment_status":"closed","ping_status":"open","sticky":false,"template":"","format":"standard","meta":{"footnotes":""},"categories":[14120],"tags":[30592,27410,2,28801],"class_list":["post-115041","post","type-post","status-publish","format-standard","has-post-thumbnail","hentry","category-noticias","tag-blog-com-mais-seguidores","tag-blog-de-caruaru","tag-blog-do-edvaldo-magalhaes","tag-blog-mais-acessado"],"_links":{"self":[{"href":"https:\/\/blogdoedvaldomagalhaes.com.br\/index.php\/wp-json\/wp\/v2\/posts\/115041","targetHints":{"allow":["GET"]}}],"collection":[{"href":"https:\/\/blogdoedvaldomagalhaes.com.br\/index.php\/wp-json\/wp\/v2\/posts"}],"about":[{"href":"https:\/\/blogdoedvaldomagalhaes.com.br\/index.php\/wp-json\/wp\/v2\/types\/post"}],"author":[{"embeddable":true,"href":"https:\/\/blogdoedvaldomagalhaes.com.br\/index.php\/wp-json\/wp\/v2\/users\/1"}],"replies":[{"embeddable":true,"href":"https:\/\/blogdoedvaldomagalhaes.com.br\/index.php\/wp-json\/wp\/v2\/comments?post=115041"}],"version-history":[{"count":1,"href":"https:\/\/blogdoedvaldomagalhaes.com.br\/index.php\/wp-json\/wp\/v2\/posts\/115041\/revisions"}],"predecessor-version":[{"id":115043,"href":"https:\/\/blogdoedvaldomagalhaes.com.br\/index.php\/wp-json\/wp\/v2\/posts\/115041\/revisions\/115043"}],"wp:featuredmedia":[{"embeddable":true,"href":"https:\/\/blogdoedvaldomagalhaes.com.br\/index.php\/wp-json\/wp\/v2\/media\/115042"}],"wp:attachment":[{"href":"https:\/\/blogdoedvaldomagalhaes.com.br\/index.php\/wp-json\/wp\/v2\/media?parent=115041"}],"wp:term":[{"taxonomy":"category","embeddable":true,"href":"https:\/\/blogdoedvaldomagalhaes.com.br\/index.php\/wp-json\/wp\/v2\/categories?post=115041"},{"taxonomy":"post_tag","embeddable":true,"href":"https:\/\/blogdoedvaldomagalhaes.com.br\/index.php\/wp-json\/wp\/v2\/tags?post=115041"}],"curies":[{"name":"wp","href":"https:\/\/api.w.org\/{rel}","templated":true}]}}