{"id":1150,"date":"2018-10-01T17:32:00","date_gmt":"2018-10-01T20:32:00","guid":{"rendered":"http:\/\/blogdoedvaldomagalhaes.com.br\/index.php\/2018\/10\/01\/tony-gel-fez-campanha-na-vila-trapia-e\/"},"modified":"2019-02-09T02:33:08","modified_gmt":"2019-02-09T04:33:08","slug":"tony-gel-fez-campanha-na-vila-trapia-e","status":"publish","type":"post","link":"https:\/\/blogdoedvaldomagalhaes.com.br\/index.php\/2018\/10\/01\/tony-gel-fez-campanha-na-vila-trapia-e\/","title":{"rendered":"Tony Gel fez campanha na Vila Trapi\u00e1 em Riacho das Almas"},"content":{"rendered":"<div class=\"separator\" style=\"clear: both; text-align: center;\">\n<a href=\"https:\/\/1.bp.blogspot.com\/-Fxmljx7aIvU\/W7JZ34r251I\/AAAAAAAA6-Q\/rzNJ18ZT4NID_V7lm0M3p-xNH8rhyKl9wCLcBGAs\/s1600\/tony%2B3.jpg\" imageanchor=\"1\" style=\"margin-left: 1em; margin-right: 1em;\"><img loading=\"lazy\" decoding=\"async\" border=\"0\" data-original-height=\"960\" data-original-width=\"1280\" height=\"480\" src=\"http:\/\/blogdoedvaldomagalhaes.com.br\/wp-content\/uploads\/2018\/10\/tony3.jpg\" width=\"640\" \/><\/a><\/div>\n<div style=\"text-align: justify;\">\n<\/div>\n<div style=\"text-align: justify;\">\nNa tarde deste domingo (30), o deputado estadual Tony Gel (MDB), que concorre \u00e0 reelei\u00e7\u00e3o, realizou campanha na Vila de Trapi\u00e1, zona rural de Riacho das Almas.<\/div>\n<div style=\"text-align: justify;\">\n<\/div>\n<div style=\"text-align: justify;\">\nNa ocasi\u00e3o, centenas de pessoas, carros e motos de moradores da zona rural de toda aquela regi\u00e3o, que agora conta com abastecimento de \u00e1gua, devido ao empenho de a\u00e7\u00f5es do parlamentar, se dirigiram para a Vila, onde foi realizada uma caminhada com o deputado, ao lado do prefeito Mota (PSB), do vice-prefeito S\u00e9rgio Mendes (PP), vereadores e lideran\u00e7as locais.<\/div>\n<div style=\"text-align: justify;\">\n<\/div>\n<div class=\"separator\" style=\"clear: both; text-align: center;\">\n<a href=\"https:\/\/1.bp.blogspot.com\/-HtxhP_S8C3Q\/W7JZ9sEqDlI\/AAAAAAAA6-U\/EiAdUU81MEggx-cTTVBL0dI-r6mVZV20QCLcBGAs\/s1600\/tony%2B2.jpg\" imageanchor=\"1\" style=\"margin-left: 1em; margin-right: 1em;\"><img loading=\"lazy\" decoding=\"async\" border=\"0\" data-original-height=\"853\" data-original-width=\"1280\" height=\"426\" src=\"http:\/\/blogdoedvaldomagalhaes.com.br\/wp-content\/uploads\/2018\/10\/tony2.jpg\" width=\"640\" \/><\/a><\/div>\n<div style=\"text-align: justify;\">\n<\/div>\n<div style=\"text-align: justify;\">\nAo final do percurso, os l\u00edderes pol\u00edticos discursaram em favor da reelei\u00e7\u00e3o de Tony Gel, Paulo C\u00e2mara, Felipe Carreras e a import\u00e2ncia do voto nos demais candidatos da chapa.<\/div>\n<div style=\"text-align: justify;\">\n<\/div>\n<div style=\"text-align: justify;\">\nTony Gel agradeceu o carinho e o apoio que tem recebido em Riacho das Almas. \u201cDurante essa caminhada me emocionei muitas vezes, pois passou um filme pela minha cabe\u00e7a de todo o esfor\u00e7o que eu j\u00e1 fiz, desde quando fui deputado federal pela primeira vez, para que esse povo tivesse mais qualidade de vida atrav\u00e9s do abastecimento de \u00e1gua\u201d, ressaltou.<\/div>\n<div style=\"text-align: justify;\">\n<\/div>\n<div class=\"separator\" style=\"clear: both; text-align: center;\">\n<a href=\"https:\/\/3.bp.blogspot.com\/-bUJ26s7s1Hw\/W7JaC1t1vnI\/AAAAAAAA6-Y\/CjqPJNrGSZo5h-VKRLO7dTy-jT0QgcRRwCLcBGAs\/s1600\/tony%2B1.jpg\" imageanchor=\"1\" style=\"margin-left: 1em; margin-right: 1em;\"><img loading=\"lazy\" decoding=\"async\" border=\"0\" data-original-height=\"853\" data-original-width=\"1280\" height=\"426\" src=\"http:\/\/blogdoedvaldomagalhaes.com.br\/wp-content\/uploads\/2018\/10\/tony1.jpg\" width=\"640\" \/><\/a><\/div>\n<div style=\"text-align: justify;\">\n<\/div>\n<div style=\"text-align: justify;\">\nNo \u00faltimo domingo de campanha eleitoral do deputado, ele tamb\u00e9m cumpriu agenda pol\u00edtica em Caruaru. Realizou visita na feira livre do bairro S\u00e3o Jo\u00e3o da Esc\u00f3cia, no s\u00edtio Palmat\u00f3ria e na Vila do Ju\u00e1.<\/div>\n<div style=\"text-align: justify;\">\n<\/div>\n<div style=\"text-align: justify;\">\n<\/div>\n","protected":false},"excerpt":{"rendered":"<p>Na tarde deste domingo (30), o deputado estadual Tony Gel (MDB), que concorre \u00e0 reelei\u00e7\u00e3o, realizou campanha na Vila de&hellip;<\/p>\n","protected":false},"author":1,"featured_media":0,"comment_status":"open","ping_status":"open","sticky":false,"template":"","format":"standard","meta":{"footnotes":""},"categories":[1],"tags":[2,20,1105],"class_list":["post-1150","post","type-post","status-publish","format-standard","hentry","category-sem-categoria","tag-blog-do-edvaldo-magalhaes","tag-politica","tag-tony-gel-fez-campanha-na-vila-trapia-em-riacho-das-almas"],"_links":{"self":[{"href":"https:\/\/blogdoedvaldomagalhaes.com.br\/index.php\/wp-json\/wp\/v2\/posts\/1150","targetHints":{"allow":["GET"]}}],"collection":[{"href":"https:\/\/blogdoedvaldomagalhaes.com.br\/index.php\/wp-json\/wp\/v2\/posts"}],"about":[{"href":"https:\/\/blogdoedvaldomagalhaes.com.br\/index.php\/wp-json\/wp\/v2\/types\/post"}],"author":[{"embeddable":true,"href":"https:\/\/blogdoedvaldomagalhaes.com.br\/index.php\/wp-json\/wp\/v2\/users\/1"}],"replies":[{"embeddable":true,"href":"https:\/\/blogdoedvaldomagalhaes.com.br\/index.php\/wp-json\/wp\/v2\/comments?post=1150"}],"version-history":[{"count":1,"href":"https:\/\/blogdoedvaldomagalhaes.com.br\/index.php\/wp-json\/wp\/v2\/posts\/1150\/revisions"}],"predecessor-version":[{"id":34521,"href":"https:\/\/blogdoedvaldomagalhaes.com.br\/index.php\/wp-json\/wp\/v2\/posts\/1150\/revisions\/34521"}],"wp:attachment":[{"href":"https:\/\/blogdoedvaldomagalhaes.com.br\/index.php\/wp-json\/wp\/v2\/media?parent=1150"}],"wp:term":[{"taxonomy":"category","embeddable":true,"href":"https:\/\/blogdoedvaldomagalhaes.com.br\/index.php\/wp-json\/wp\/v2\/categories?post=1150"},{"taxonomy":"post_tag","embeddable":true,"href":"https:\/\/blogdoedvaldomagalhaes.com.br\/index.php\/wp-json\/wp\/v2\/tags?post=1150"}],"curies":[{"name":"wp","href":"https:\/\/api.w.org\/{rel}","templated":true}]}}