{"id":1148,"date":"2018-10-01T17:47:00","date_gmt":"2018-10-01T20:47:00","guid":{"rendered":"http:\/\/blogdoedvaldomagalhaes.com.br\/index.php\/2018\/10\/01\/raquel-lyra-e-armando-realizara\/"},"modified":"2019-02-09T02:33:15","modified_gmt":"2019-02-09T04:33:15","slug":"raquel-lyra-e-armando-realizara","status":"publish","type":"post","link":"https:\/\/blogdoedvaldomagalhaes.com.br\/index.php\/2018\/10\/01\/raquel-lyra-e-armando-realizara\/","title":{"rendered":"Raquel Lyra e Armando realizaram carreata em Caruaru"},"content":{"rendered":"<div class=\"separator\" style=\"clear: both; text-align: center;\">\n<a href=\"https:\/\/3.bp.blogspot.com\/-_7WtuOP-e48\/W7JdWUovR1I\/AAAAAAAA6_I\/7_sngGd51MAv5_OJ5FHO--5ZCZTXMnQjgCLcBGAs\/s1600\/foto.jpg\" imageanchor=\"1\" style=\"margin-left: 1em; margin-right: 1em;\"><img loading=\"lazy\" decoding=\"async\" border=\"0\" data-original-height=\"1068\" data-original-width=\"1600\" height=\"426\" src=\"http:\/\/blogdoedvaldomagalhaes.com.br\/wp-content\/uploads\/2018\/10\/foto.jpg\" width=\"640\" \/><\/a><\/div>\n<div class=\"MsoNormal\" style=\"background-color: white; color: #222222; font-family: Calibri, sans-serif; line-height: 17.12px; margin: 0cm 0cm 8pt; text-align: center;\">\n<b>Foto: Ricardo Labastier\/Divuga\u00e7\u00e3o<\/b><\/div>\n<div style=\"text-align: justify;\">\n<\/div>\n<div style=\"text-align: justify;\">\nMais de mil ve\u00edculos, entre autom\u00f3veis, motocicletas e at\u00e9 mesmo caminh\u00f5es-cegonha levaram a onda da mudan\u00e7a para a Capital do Forr\u00f3, na tarde deste domingo (30). Faltando uma semana para a elei\u00e7\u00e3o, Armando Monteiro (PTB) chega \u00e0 reta final mostrando que o sentimento das ruas de Caruaru \u00e9 o mesmo do que se v\u00ea nas outras cidades do Estado.&nbsp; &#8220;As pessoas querem mudar. Querem tirar do poder esta turma que acha que Pernambuco tem dono. Quem \u00e9 dono de Pernambuco \u00e9 o povo&#8221;, afirmou momentos antes do in\u00edcio do cortejo.<\/p>\n<div class=\"separator\" style=\"clear: both; text-align: center;\">\n<a href=\"https:\/\/2.bp.blogspot.com\/-gxZPHg1f4Bs\/W7J7Iy2fJ3I\/AAAAAAAA7AY\/ybgUBvZg6o4ZWBII2QN7pDG1h1uAXoAUgCLcBGAs\/s1600\/IMG-20181001-WA0140.jpg\" imageanchor=\"1\" style=\"margin-left: 1em; margin-right: 1em;\"><img loading=\"lazy\" decoding=\"async\" border=\"0\" data-original-height=\"853\" data-original-width=\"1280\" height=\"426\" src=\"http:\/\/blogdoedvaldomagalhaes.com.br\/wp-content\/uploads\/2018\/10\/IMG-20181001-WA0140.jpg\" width=\"640\" \/><\/a><\/div>\n<p><\/div>\n<div style=\"text-align: justify;\">\nAo lado de Armando no caminh\u00e3o que percorreu bairros populosos e tradicionais da cidade, como Vassoural, Salgado, S\u00e3o Francisco e Santa Rosa; estavam a prefeita Raquel Lyra (PSDB), o ex-governador Jo\u00e3o Lyra (PSDB), os candidatos ao Senado Bruno Ara\u00fajo (PSDB) e Mendon\u00e7a Filho (DEM), o deputado federal Daniel Coelho (PPS), a deputada estadual Priscila Krause (DEM), o prefeito de Santa Cruz de Capibaribe, Edson Vieira (PSDB), e a candidata \u00e0 Assembleia Legislativa Alessandra Vieira (PSDB).<\/p>\n<div class=\"separator\" style=\"clear: both; text-align: center;\">\n<a href=\"https:\/\/3.bp.blogspot.com\/-xnQI2rjqhpk\/W7J7crHiZvI\/AAAAAAAA7Ao\/qLLYriTWT8wwn40A8hepakYVey3qN8GwgCLcBGAs\/s1600\/IMG-20181001-WA0138.jpg\" imageanchor=\"1\" style=\"margin-left: 1em; margin-right: 1em;\"><img loading=\"lazy\" decoding=\"async\" border=\"0\" data-original-height=\"853\" data-original-width=\"1280\" height=\"426\" src=\"http:\/\/blogdoedvaldomagalhaes.com.br\/wp-content\/uploads\/2018\/10\/IMG-20181001-WA0138.jpg\" width=\"640\" \/><\/a><\/div>\n<\/div>\n<div style=\"text-align: justify;\">\n<\/div>\n<div style=\"text-align: justify;\">\n&#8220;O povo de Caruaru foi discriminado pelo governo. Mas quem sofreu foi o povo. Caruaru tem obras importantes, como o Hospital da Mulher, que n\u00e3o saiu do papel. Isso porque esse governo tem como pr\u00e1tica mentir. N\u00e3o entrega as promessas que cumpriu e agora renova um novo pacote de mentiras por puro c\u00e1lculo eleitoreiro&#8221;, destacou. &#8220;Por onde andamos vemos que todos querem mudar. Porque, se n\u00e3o mudar, fica tudo como est\u00e1&#8221;, enfatizou Armando, que j\u00e1 tinha realizado uma grande carreata em Serra Talhada, no Sert\u00e3o, pela manh\u00e3.<\/div>\n<div style=\"text-align: justify;\">\n<\/div>\n","protected":false},"excerpt":{"rendered":"<p>Foto: Ricardo Labastier\/Divuga\u00e7\u00e3o Mais de mil ve\u00edculos, entre autom\u00f3veis, motocicletas e at\u00e9 mesmo caminh\u00f5es-cegonha levaram a onda da mudan\u00e7a para&hellip;<\/p>\n","protected":false},"author":1,"featured_media":0,"comment_status":"open","ping_status":"open","sticky":false,"template":"","format":"standard","meta":{"footnotes":""},"categories":[1],"tags":[2,20,1103],"class_list":["post-1148","post","type-post","status-publish","format-standard","hentry","category-sem-categoria","tag-blog-do-edvaldo-magalhaes","tag-politica","tag-raquel-lyra-e-armando-realizaram-carreata-em-caruaru"],"_links":{"self":[{"href":"https:\/\/blogdoedvaldomagalhaes.com.br\/index.php\/wp-json\/wp\/v2\/posts\/1148","targetHints":{"allow":["GET"]}}],"collection":[{"href":"https:\/\/blogdoedvaldomagalhaes.com.br\/index.php\/wp-json\/wp\/v2\/posts"}],"about":[{"href":"https:\/\/blogdoedvaldomagalhaes.com.br\/index.php\/wp-json\/wp\/v2\/types\/post"}],"author":[{"embeddable":true,"href":"https:\/\/blogdoedvaldomagalhaes.com.br\/index.php\/wp-json\/wp\/v2\/users\/1"}],"replies":[{"embeddable":true,"href":"https:\/\/blogdoedvaldomagalhaes.com.br\/index.php\/wp-json\/wp\/v2\/comments?post=1148"}],"version-history":[{"count":1,"href":"https:\/\/blogdoedvaldomagalhaes.com.br\/index.php\/wp-json\/wp\/v2\/posts\/1148\/revisions"}],"predecessor-version":[{"id":34530,"href":"https:\/\/blogdoedvaldomagalhaes.com.br\/index.php\/wp-json\/wp\/v2\/posts\/1148\/revisions\/34530"}],"wp:attachment":[{"href":"https:\/\/blogdoedvaldomagalhaes.com.br\/index.php\/wp-json\/wp\/v2\/media?parent=1148"}],"wp:term":[{"taxonomy":"category","embeddable":true,"href":"https:\/\/blogdoedvaldomagalhaes.com.br\/index.php\/wp-json\/wp\/v2\/categories?post=1148"},{"taxonomy":"post_tag","embeddable":true,"href":"https:\/\/blogdoedvaldomagalhaes.com.br\/index.php\/wp-json\/wp\/v2\/tags?post=1148"}],"curies":[{"name":"wp","href":"https:\/\/api.w.org\/{rel}","templated":true}]}}