{"id":114739,"date":"2024-11-27T18:42:27","date_gmt":"2024-11-27T21:42:27","guid":{"rendered":"https:\/\/blogdoedvaldomagalhaes.com.br\/?p=114739"},"modified":"2024-11-27T18:42:27","modified_gmt":"2024-11-27T21:42:27","slug":"igreja-de-nossa-senhora-da-conceicao-inicia-festividades-nesta-sexta-feira-29-em-caruaru","status":"publish","type":"post","link":"https:\/\/blogdoedvaldomagalhaes.com.br\/index.php\/2024\/11\/27\/igreja-de-nossa-senhora-da-conceicao-inicia-festividades-nesta-sexta-feira-29-em-caruaru\/","title":{"rendered":"Igreja de Nossa Senhora da Concei\u00e7\u00e3o inicia festividades nesta sexta-feira (29), em Caruaru"},"content":{"rendered":"<p>_Proclama\u00e7\u00e3o do dogma da Imaculada Concei\u00e7\u00e3o celebra 170 anos no dia 8 de dezembro_<\/p>\n<p>A Igreja de Nossa Senhora da Concei\u00e7\u00e3o, em Caruaru, inicia nesta sexta-feira (29) a novena em prepara\u00e7\u00e3o para a festa da Imaculada Concei\u00e7\u00e3o, celebrada no dia 8 de dezembro.Inspirado no Ano Santo de 2025, o tema escolhido para a festa foi: \u201cMaria Imaculada, Peregrina da Esperan\u00e7a\u201d. Este ano, comemorando os 170 anos da proclama\u00e7\u00e3o do dogma da Imaculada Concei\u00e7\u00e3o. <\/p>\n<p>Segundo o padre Silvano Onofre, reitor da Igreja, o momento \u00e9 um dos pilares da f\u00e9 mariana. \u201cEsta data marca um importante cap\u00edtulo na hist\u00f3ria da doutrina cat\u00f3lica, que foi oficialmente estabelecida pelo Papa Pio IX em 1854. A defini\u00e7\u00e3o do dogma foi realizada atrav\u00e9s da bula papal &#8216;Ineffabilis Deus\u2019, na qual Pio IX declarou que a Virgem Maria, desde o primeiro instante de sua concep\u00e7\u00e3o, foi preservada do pecado original por uma gra\u00e7a especial concedida por Deus\u201d, explicou.<\/p>\n<p>Camisas da festividade &#8211; As blusas comemorativas da Festa de Nossa Senhora da Concei\u00e7\u00e3o podem ser adquiridas na pr\u00f3pria igreja, localizada no Marco Zero. Cada unidade custa R$ 35 e est\u00e3o dispon\u00edveis nos tamanhos P, M, G, GG, EG.<\/p>\n<p>PROGRAMA\u00c7\u00c3O<\/p>\n<p>NOVENA: 29\/11 a 07\/12\/2024<\/p>\n<p>DIA 29\/11 (sexta-feira)<br \/>\n15h: Abertura com Hasteamento da Bandeira<br \/>\n15h30: Ora\u00e7\u00e3o do Ter\u00e7o<br \/>\n16h: MISSA \u2013 PE. ZENILSON TIB\u00daRCIO<\/p>\n<p>DIA 30\/11 (s\u00e1bado)<br \/>\n7h: MISSA<br \/>\n15h30: Ora\u00e7\u00e3o do Ter\u00e7o<br \/>\n16h: MISSA \u2013 PE. JO\u00c3O PAULO<\/p>\n<p>DIA 01\/12 (domingo)<br \/>\n16h: Ora\u00e7\u00e3o do Ter\u00e7o<br \/>\n16h30: MISSA \u2013 PE. SILVANO ONOFRE<br \/>\nDIA 02\/12 (segunda-feira)<br \/>\n7h: MISSA<br \/>\n15h30: Ora\u00e7\u00e3o do Ter\u00e7o<br \/>\n16h: MISSA \u2013 PE. BARTOLOMEU F\u00c9LIX<br \/>\nDIA 03\/12 (ter\u00e7a-feira)<br \/>\n7h: MISSA<br \/>\n15h30: Ora\u00e7\u00e3o do Ter\u00e7o<br \/>\n16h: MISSA \u2013 PE. EDSON ALVES<\/p>\n<p>DIA 04\/12 (quarta-feira)<br \/>\n7h: MISSA<br \/>\n15h30: Ora\u00e7\u00e3o do Ter\u00e7o<br \/>\n16h: MISSA \u2013 PE. PAULO JORGE<\/p>\n<p>DIA 05\/12 (quinta-feira)<br \/>\n7h: MISSA<br \/>\n15h30: Ora\u00e7\u00e3o do Ter\u00e7o<br \/>\n16h: MISSA \u2013 PE. IVEMAR PONTES<\/p>\n<p>DIA 06\/12 (sexta-feira)<br \/>\n7h: MISSA<br \/>\n15h30: Ora\u00e7\u00e3o do Ter\u00e7o<br \/>\n16h: MISSA \u2013 PE. JOSEILSON GOMES<\/p>\n<p>DIA 07\/12 (s\u00e1bado)<br \/>\n7h: MISSA<br \/>\n15h30: Ora\u00e7\u00e3o do Ter\u00e7o<br \/>\n16h: MISSA \u2013 FREI F\u00c1BIO LUIZ<br \/>\nSOLENIDADE DA IMACULADA CONCEI\u00c7\u00c3O DA VIRGEM MARIA<\/p>\n<p>Domingo &#8211; 08\/12\/2024<br \/>\n7h: MISSA<br \/>\n10h: MISSA \u2013 PE. JOS\u00c9 VALTER<br \/>\n15h: MISSA<br \/>\n16h: PROCISS\u00c3O<br \/>\n17h30: MISSA de Encerramento \u2013 PE. F\u00c1BIO SILVA<br \/>\nFoto: Divulga\u00e7\u00e3o<br \/>\nSiga o Instagram do Blog @blogdoedvaldomagalhaes<\/p>\n","protected":false},"excerpt":{"rendered":"<p>_Proclama\u00e7\u00e3o do dogma da Imaculada Concei\u00e7\u00e3o celebra 170 anos no dia 8 de dezembro_ A Igreja de Nossa Senhora da&hellip;<\/p>\n","protected":false},"author":1,"featured_media":114740,"comment_status":"closed","ping_status":"open","sticky":false,"template":"","format":"standard","meta":{"footnotes":""},"categories":[14120],"tags":[29440,27410,2,28801,3406,32248],"class_list":["post-114739","post","type-post","status-publish","format-standard","has-post-thumbnail","hentry","category-noticias","tag-blog-com-mais-visualizacao","tag-blog-de-caruaru","tag-blog-do-edvaldo-magalhaes","tag-blog-mais-acessado","tag-caruaru","tag-igreja-de-nossa-senhora-da-conceicao-inicia-festividades-nesta-sexta-feira-29"],"_links":{"self":[{"href":"https:\/\/blogdoedvaldomagalhaes.com.br\/index.php\/wp-json\/wp\/v2\/posts\/114739","targetHints":{"allow":["GET"]}}],"collection":[{"href":"https:\/\/blogdoedvaldomagalhaes.com.br\/index.php\/wp-json\/wp\/v2\/posts"}],"about":[{"href":"https:\/\/blogdoedvaldomagalhaes.com.br\/index.php\/wp-json\/wp\/v2\/types\/post"}],"author":[{"embeddable":true,"href":"https:\/\/blogdoedvaldomagalhaes.com.br\/index.php\/wp-json\/wp\/v2\/users\/1"}],"replies":[{"embeddable":true,"href":"https:\/\/blogdoedvaldomagalhaes.com.br\/index.php\/wp-json\/wp\/v2\/comments?post=114739"}],"version-history":[{"count":1,"href":"https:\/\/blogdoedvaldomagalhaes.com.br\/index.php\/wp-json\/wp\/v2\/posts\/114739\/revisions"}],"predecessor-version":[{"id":114741,"href":"https:\/\/blogdoedvaldomagalhaes.com.br\/index.php\/wp-json\/wp\/v2\/posts\/114739\/revisions\/114741"}],"wp:featuredmedia":[{"embeddable":true,"href":"https:\/\/blogdoedvaldomagalhaes.com.br\/index.php\/wp-json\/wp\/v2\/media\/114740"}],"wp:attachment":[{"href":"https:\/\/blogdoedvaldomagalhaes.com.br\/index.php\/wp-json\/wp\/v2\/media?parent=114739"}],"wp:term":[{"taxonomy":"category","embeddable":true,"href":"https:\/\/blogdoedvaldomagalhaes.com.br\/index.php\/wp-json\/wp\/v2\/categories?post=114739"},{"taxonomy":"post_tag","embeddable":true,"href":"https:\/\/blogdoedvaldomagalhaes.com.br\/index.php\/wp-json\/wp\/v2\/tags?post=114739"}],"curies":[{"name":"wp","href":"https:\/\/api.w.org\/{rel}","templated":true}]}}