{"id":1146,"date":"2018-10-01T18:52:00","date_gmt":"2018-10-01T21:52:00","guid":{"rendered":"http:\/\/blogdoedvaldomagalhaes.com.br\/index.php\/2018\/10\/01\/carro-capota-na-br-232-e-motorista-e-2\/"},"modified":"2019-02-09T02:33:17","modified_gmt":"2019-02-09T04:33:17","slug":"carro-capota-na-br-232-e-motorista-e-2","status":"publish","type":"post","link":"https:\/\/blogdoedvaldomagalhaes.com.br\/index.php\/2018\/10\/01\/carro-capota-na-br-232-e-motorista-e-2\/","title":{"rendered":"Carro capota na BR-232 e motorista \u00e9 socorrido para o HRA"},"content":{"rendered":"<div class=\"separator\" style=\"clear: both; text-align: center;\">\n<a href=\"https:\/\/3.bp.blogspot.com\/-sDEfytLsxm8\/W7JsZFJLFSI\/AAAAAAAA6_g\/5IRoZzTqJesYACuEMaiMfFDUcfXYqOV2wCLcBGAs\/s1600\/IMG-20181001-WA0099.jpg\" imageanchor=\"1\" style=\"margin-left: 1em; margin-right: 1em;\"><img loading=\"lazy\" decoding=\"async\" border=\"0\" data-original-height=\"1024\" data-original-width=\"768\" height=\"640\" src=\"http:\/\/blogdoedvaldomagalhaes.com.br\/wp-content\/uploads\/2018\/10\/IMG-20181001-WA0099.jpg\" width=\"480\" \/><\/a><\/div>\n<div class=\"separator\" style=\"clear: both; text-align: center;\">\nFoto: WhatsApp<\/div>\n<p><\/p>\n<div style=\"text-align: justify;\">\nNa manh\u00e3 desta segunda-feira (1\u00ba), o funcion\u00e1rio p\u00fablico, Abdias Felix, saiu de Caruaru com destino a Recife, dirigindo o seu ve\u00edculo pela BR-232,e segundo informa\u00e7\u00f5es, ao se aproximar da cidade de Bezerros, foi trancado por um caminh\u00e3o, perdendo o controle da dire\u00e7\u00e3o e capotando.&nbsp;<\/div>\n<div style=\"text-align: justify;\">\n<\/div>\n<div style=\"text-align: justify;\">\nAbdias Felix teve algumas escoria\u00e7\u00f5es e foi socorrido para o Hospital Regional do Agreste (HRA), onde se encontra em observa\u00e7\u00e3o.<\/p>\n<div class=\"separator\" style=\"clear: both; text-align: center;\">\n<a href=\"https:\/\/4.bp.blogspot.com\/-dirArY48-mM\/W7JvC7XwXTI\/AAAAAAAA6_w\/6dOIUl4A62wmiIf8qgy8g6qlhdxC5Jt4ACLcBGAs\/s1600\/avdias.jpg\" imageanchor=\"1\" style=\"margin-left: 1em; margin-right: 1em;\"><img loading=\"lazy\" decoding=\"async\" border=\"0\" data-original-height=\"960\" data-original-width=\"960\" height=\"640\" src=\"http:\/\/blogdoedvaldomagalhaes.com.br\/wp-content\/uploads\/2018\/10\/avdias.jpg\" width=\"640\" \/><\/a><\/div>\n<p><\/div>\n","protected":false},"excerpt":{"rendered":"<p>Foto: WhatsApp Na manh\u00e3 desta segunda-feira (1\u00ba), o funcion\u00e1rio p\u00fablico, Abdias Felix, saiu de Caruaru com destino a Recife, dirigindo&hellip;<\/p>\n","protected":false},"author":1,"featured_media":0,"comment_status":"open","ping_status":"open","sticky":false,"template":"","format":"standard","meta":{"footnotes":""},"categories":[1],"tags":[1101,2,542,6],"class_list":["post-1146","post","type-post","status-publish","format-standard","hentry","category-sem-categoria","tag-abdias-felix","tag-blog-do-edvaldo-magalhaes","tag-carro-capota-na-br-232-e-motorista-e-socorrido-para-o-hra","tag-noticias"],"_links":{"self":[{"href":"https:\/\/blogdoedvaldomagalhaes.com.br\/index.php\/wp-json\/wp\/v2\/posts\/1146","targetHints":{"allow":["GET"]}}],"collection":[{"href":"https:\/\/blogdoedvaldomagalhaes.com.br\/index.php\/wp-json\/wp\/v2\/posts"}],"about":[{"href":"https:\/\/blogdoedvaldomagalhaes.com.br\/index.php\/wp-json\/wp\/v2\/types\/post"}],"author":[{"embeddable":true,"href":"https:\/\/blogdoedvaldomagalhaes.com.br\/index.php\/wp-json\/wp\/v2\/users\/1"}],"replies":[{"embeddable":true,"href":"https:\/\/blogdoedvaldomagalhaes.com.br\/index.php\/wp-json\/wp\/v2\/comments?post=1146"}],"version-history":[{"count":1,"href":"https:\/\/blogdoedvaldomagalhaes.com.br\/index.php\/wp-json\/wp\/v2\/posts\/1146\/revisions"}],"predecessor-version":[{"id":34535,"href":"https:\/\/blogdoedvaldomagalhaes.com.br\/index.php\/wp-json\/wp\/v2\/posts\/1146\/revisions\/34535"}],"wp:attachment":[{"href":"https:\/\/blogdoedvaldomagalhaes.com.br\/index.php\/wp-json\/wp\/v2\/media?parent=1146"}],"wp:term":[{"taxonomy":"category","embeddable":true,"href":"https:\/\/blogdoedvaldomagalhaes.com.br\/index.php\/wp-json\/wp\/v2\/categories?post=1146"},{"taxonomy":"post_tag","embeddable":true,"href":"https:\/\/blogdoedvaldomagalhaes.com.br\/index.php\/wp-json\/wp\/v2\/tags?post=1146"}],"curies":[{"name":"wp","href":"https:\/\/api.w.org\/{rel}","templated":true}]}}