{"id":114593,"date":"2024-11-22T17:54:01","date_gmt":"2024-11-22T20:54:01","guid":{"rendered":"https:\/\/blogdoedvaldomagalhaes.com.br\/?p=114593"},"modified":"2024-11-22T17:54:01","modified_gmt":"2024-11-22T20:54:01","slug":"drogas-arma-e-veiculos-apreendidos-e-cinco-suspeitos-presos","status":"publish","type":"post","link":"https:\/\/blogdoedvaldomagalhaes.com.br\/index.php\/2024\/11\/22\/drogas-arma-e-veiculos-apreendidos-e-cinco-suspeitos-presos\/","title":{"rendered":"Drogas, arma e ve\u00edculos  apreendidos e cinco suspeitos presos"},"content":{"rendered":"<p>Com base em informa\u00e7\u00f5es levantadas com populares, policiais militares do 10\u00ba BPM prenderam, quinta-feira (21\/11), na Rua da Vira\u00e7\u00e3o, no Centro de Palmares, cinco suspeitos por posse ilegal de arma de fogo e tr\u00e1fico de drogas.<\/p>\n<p>Os suspeitos foram localizados e com eles o efetivo apreendeu um rev\u00f3lver calibre .22, 47 pedras e uma por\u00e7\u00e3o maior de 38,4g de crack que, fracionada, possibilitaria a produ\u00e7\u00e3o de outras 384 pedras, 62 big bigs de maconha e outras 115g do mesmo entorpecente, dois carros, sendo um HB-20 e um \u00d4nix, duas motocicletas, um colete bal\u00edstico, quatro celulares e R$ 110,00.<\/p>\n<p>Diante dos fatos, os envolvidos e todo o material foram apresentados na Delegacia de Pol\u00edcia Civil da cidade, para ado\u00e7\u00e3o das medidas legais cab\u00edveis. Foto: Divulga\u00e7\u00e3o\/PMPE<br \/>\nSeja seguidor do Instagram do Blog @blogdoedvaldomagalhaes<\/p>\n","protected":false},"excerpt":{"rendered":"<p>Com base em informa\u00e7\u00f5es levantadas com populares, policiais militares do 10\u00ba BPM prenderam, quinta-feira (21\/11), na Rua da Vira\u00e7\u00e3o, no&hellip;<\/p>\n","protected":false},"author":1,"featured_media":114594,"comment_status":"closed","ping_status":"open","sticky":false,"template":"","format":"standard","meta":{"footnotes":""},"categories":[14121],"tags":[30592,27410,2,28801,32208],"class_list":["post-114593","post","type-post","status-publish","format-standard","has-post-thumbnail","hentry","category-policial","tag-blog-com-mais-seguidores","tag-blog-de-caruaru","tag-blog-do-edvaldo-magalhaes","tag-blog-mais-acessado","tag-drogas-arma-e-veiculos-apreendidos"],"_links":{"self":[{"href":"https:\/\/blogdoedvaldomagalhaes.com.br\/index.php\/wp-json\/wp\/v2\/posts\/114593","targetHints":{"allow":["GET"]}}],"collection":[{"href":"https:\/\/blogdoedvaldomagalhaes.com.br\/index.php\/wp-json\/wp\/v2\/posts"}],"about":[{"href":"https:\/\/blogdoedvaldomagalhaes.com.br\/index.php\/wp-json\/wp\/v2\/types\/post"}],"author":[{"embeddable":true,"href":"https:\/\/blogdoedvaldomagalhaes.com.br\/index.php\/wp-json\/wp\/v2\/users\/1"}],"replies":[{"embeddable":true,"href":"https:\/\/blogdoedvaldomagalhaes.com.br\/index.php\/wp-json\/wp\/v2\/comments?post=114593"}],"version-history":[{"count":1,"href":"https:\/\/blogdoedvaldomagalhaes.com.br\/index.php\/wp-json\/wp\/v2\/posts\/114593\/revisions"}],"predecessor-version":[{"id":114595,"href":"https:\/\/blogdoedvaldomagalhaes.com.br\/index.php\/wp-json\/wp\/v2\/posts\/114593\/revisions\/114595"}],"wp:featuredmedia":[{"embeddable":true,"href":"https:\/\/blogdoedvaldomagalhaes.com.br\/index.php\/wp-json\/wp\/v2\/media\/114594"}],"wp:attachment":[{"href":"https:\/\/blogdoedvaldomagalhaes.com.br\/index.php\/wp-json\/wp\/v2\/media?parent=114593"}],"wp:term":[{"taxonomy":"category","embeddable":true,"href":"https:\/\/blogdoedvaldomagalhaes.com.br\/index.php\/wp-json\/wp\/v2\/categories?post=114593"},{"taxonomy":"post_tag","embeddable":true,"href":"https:\/\/blogdoedvaldomagalhaes.com.br\/index.php\/wp-json\/wp\/v2\/tags?post=114593"}],"curies":[{"name":"wp","href":"https:\/\/api.w.org\/{rel}","templated":true}]}}