{"id":114590,"date":"2024-11-22T08:54:11","date_gmt":"2024-11-22T11:54:11","guid":{"rendered":"https:\/\/blogdoedvaldomagalhaes.com.br\/?p=114590"},"modified":"2024-11-22T08:54:11","modified_gmt":"2024-11-22T11:54:11","slug":"governadora-raquel-lyra-entrega-premio-idepe-2023-a-escolas-gres-e-municipios-do-estado","status":"publish","type":"post","link":"https:\/\/blogdoedvaldomagalhaes.com.br\/index.php\/2024\/11\/22\/governadora-raquel-lyra-entrega-premio-idepe-2023-a-escolas-gres-e-municipios-do-estado\/","title":{"rendered":"Governadora Raquel Lyra entrega Pr\u00eamio Idepe 2023 a escolas, GREs e munic\u00edpios do Estado"},"content":{"rendered":"<p>_O indicador contribui para direcionar investimentos com o objetivo de melhorar o aprendizado dos alunos pernambucanos_<\/p>\n<p>Reconhecendo os destaques educacionais de Pernambuco, a governadora Raquel Lyra entregou, nesta quinta-feira (21), o Pr\u00eamio Idepe 2023. O \u00cdndice de Desenvolvimento da Educa\u00e7\u00e3o de Pernambuco (Idepe) premia escolas, munic\u00edpios e Ger\u00eancias Regionais de Educa\u00e7\u00e3o (GREs) que alcan\u00e7aram o melhor desempenho no ano letivo de 2023. Pela primeira vez, o \u00edndice passou a incluir as escolas de campo nas avalia\u00e7\u00f5es. No ano passado, tamb\u00e9m foram inclu\u00eddas na premia\u00e7\u00e3o as escolas ind\u00edgenas e quilombolas. A iniciativa de incluir novas categorias contribui para reduzir as desigualdades regionais no acesso \u00e0 educa\u00e7\u00e3o de qualidade.<\/p>\n<p>Durante a cerim\u00f4nia, a chefe do Executivo estadual entregou placas de men\u00e7\u00e3o honrosa em reconhecimento ao trabalho executado ao longo do \u00faltimo ano aos representantes de munic\u00edpios, escolas e GREs premiadas. &#8220;N\u00f3s estamos trabalhando muito para transformar a educa\u00e7\u00e3o de Pernambuco para melhor. Por isso, realizamos o maior investimento da nossa hist\u00f3ria, com R$ 5,5 bilh\u00f5es atrav\u00e9s do programa Juntos pela Educa\u00e7\u00e3o. Esse esfor\u00e7o que todos est\u00e3o fazendo \u2014 as escolas, as GREs e os munic\u00edpios \u2014 est\u00e1 sendo reconhecido. Dessa forma, estimulamos os diretores, professores e os alunos para continuarem crescendo, permitindo que as novas gera\u00e7\u00f5es possam ter tamb\u00e9m muito mais oportunidades&#8221;, destacou a governadora Raquel Lyra.<\/p>\n<p>A avalia\u00e7\u00e3o \u00e9 um indicador que mensura a qualidade da educa\u00e7\u00e3o p\u00fablica no Estado em tr\u00eas dimens\u00f5es: desempenho em l\u00edngua portuguesa, desempenho em matem\u00e1tica e fluxo escolar; levantados a partir de informa\u00e7\u00f5es do Censo Escolar. A premia\u00e7\u00e3o \u00e9 dividia em 36 categorias e avalia a qualidade da educa\u00e7\u00e3o nas escolas das redes p\u00fablicas estadual e municipais de Pernambuco.<\/p>\n<p>&#8220;Esse \u00e9 um pr\u00eamio para reconhecer aqueles que tiveram um bom desempenho no Idepe. O importante \u00e9 refor\u00e7ar o avan\u00e7o de cada escola, munic\u00edpio e ger\u00eancia regional. A educa\u00e7\u00e3o de Pernambuco se fortalece a cada resultado do Idepe, estabelecendo metas e fazendo um acompanhamento permanente para garantir a educa\u00e7\u00e3o de qualidade aos nossos estudantes&#8221;, afirmou o secret\u00e1rio de Educa\u00e7\u00e3o, Alexandre Schneider.<\/p>\n<p>O Idepe abrange toda a rede p\u00fablica de ensino do estado de Pernambuco, nas etapas do 5\u00ba e 9\u00ba anos do Ensino Fundamental e 3\u00ba ano do Ensino M\u00e9dio. Na edi\u00e7\u00e3o de 2023, foram avaliados 339.074 estudantes matriculados em turmas do 5\u00ba e 9\u00ba anos do Fundamental e 3\u00ba ano do M\u00e9dio, em 3.280 escolas. Destas, 2.413 das redes municipais e 867 da rede estadual.<\/p>\n<p>Presente no evento, a deputada estadual D\u00e9bora Almeida afirmou que o \u00edndice representa um incentivo aos profissionais da educa\u00e7\u00e3o. \u201cO Idepe \u00e9 um importante reconhecimento a todos aqueles que fizeram seu melhor pela educa\u00e7\u00e3o de Pernambuco, e ainda serve de est\u00edmulo para que todos continuem trabalhando, se esfor\u00e7ando para melhorar os resultados. A governadora Raquel Lyra tem se dedicado e investido na educa\u00e7\u00e3o do Estado, a exemplo das reformas que tem feito nas escolas e das entregas de \u00f4nibus escolares\u201d, afirmou.<\/p>\n<p>A gerente de educa\u00e7\u00e3o do Campo, Wald\u00eania Carvalho, afirmou que a inclus\u00e3o da categoria refor\u00e7a o compromisso do Governo do Estado com todas as escolas representadas. &#8220;Hoje \u00e9 um dia muito especial para a educa\u00e7\u00e3o do campo. Com a cria\u00e7\u00e3o dessa categoria, nos incluindo, o Estado reafirma o compromisso que tem com o conjunto de escolas, sujeitos e seus territ\u00f3rios. S\u00e3o 76 escolas do campo. A diversidade exige um olhar pedag\u00f3gico espec\u00edfico para diminuir as desigualdades sociais e econ\u00f4micas da nossa sociedade&#8221;, argumentou.<\/p>\n<p>Os resultados refletem o esfor\u00e7o cont\u00ednuo de professores, gestores e comunidades em busca de uma educa\u00e7\u00e3o de qualidade. A an\u00e1lise desses dados permitir\u00e1 avaliar se as iniciativas implementadas est\u00e3o surtindo efeito e onde ainda \u00e9 necess\u00e1rio implementar melhorias.<\/p>\n<p>O prefeito de \u00c1guas Belas, Luiz Aroldo, agradeceu a parceria que tem constru\u00eddo com o Estado. \u201cPara mim, enquanto prefeito, negro, quilombola, defensor das causas rurais e agr\u00edcolas, perceber como estamos avan\u00e7ando nos \u00edndices da educa\u00e7\u00e3o \u00e9 uma felicidade. Agradecemos \u00e0 governadora Raquel Lyra por essa parceria, que vai se fortalecer cada vez mais pelo nosso desenvolvimento\u201d, afirmou.<\/p>\n<p>Divulgado anualmente, o Pr\u00eamio Idepe existe desde 2017 e tem o objetivo de orientar a formula\u00e7\u00e3o de pol\u00edticas p\u00fablicas e a aloca\u00e7\u00e3o de recursos, a fim de promover a\u00e7\u00f5es que reduzam as desigualdades regionais no acesso \u00e0 educa\u00e7\u00e3o de qualidade.<br \/>\nFoto: Jana\u00edna Pepeu\/Secom<br \/>\nSeja seguidor do Instagram do Blog @blogdoedvaldomagalhaes<\/p>\n","protected":false},"excerpt":{"rendered":"<p>_O indicador contribui para direcionar investimentos com o objetivo de melhorar o aprendizado dos alunos pernambucanos_ Reconhecendo os destaques educacionais&hellip;<\/p>\n","protected":false},"author":1,"featured_media":114591,"comment_status":"closed","ping_status":"open","sticky":false,"template":"","format":"standard","meta":{"footnotes":""},"categories":[14122],"tags":[28803,27410,2,28801,32207,20],"class_list":["post-114590","post","type-post","status-publish","format-standard","has-post-thumbnail","hentry","category-politica","tag-blog-com-mais-visualizacoes","tag-blog-de-caruaru","tag-blog-do-edvaldo-magalhaes","tag-blog-mais-acessado","tag-governadora-raquel-lyra-entrega-premio-idepe-2023-a-escolas-gres-e-municipios-do-estado","tag-politica"],"_links":{"self":[{"href":"https:\/\/blogdoedvaldomagalhaes.com.br\/index.php\/wp-json\/wp\/v2\/posts\/114590","targetHints":{"allow":["GET"]}}],"collection":[{"href":"https:\/\/blogdoedvaldomagalhaes.com.br\/index.php\/wp-json\/wp\/v2\/posts"}],"about":[{"href":"https:\/\/blogdoedvaldomagalhaes.com.br\/index.php\/wp-json\/wp\/v2\/types\/post"}],"author":[{"embeddable":true,"href":"https:\/\/blogdoedvaldomagalhaes.com.br\/index.php\/wp-json\/wp\/v2\/users\/1"}],"replies":[{"embeddable":true,"href":"https:\/\/blogdoedvaldomagalhaes.com.br\/index.php\/wp-json\/wp\/v2\/comments?post=114590"}],"version-history":[{"count":1,"href":"https:\/\/blogdoedvaldomagalhaes.com.br\/index.php\/wp-json\/wp\/v2\/posts\/114590\/revisions"}],"predecessor-version":[{"id":114592,"href":"https:\/\/blogdoedvaldomagalhaes.com.br\/index.php\/wp-json\/wp\/v2\/posts\/114590\/revisions\/114592"}],"wp:featuredmedia":[{"embeddable":true,"href":"https:\/\/blogdoedvaldomagalhaes.com.br\/index.php\/wp-json\/wp\/v2\/media\/114591"}],"wp:attachment":[{"href":"https:\/\/blogdoedvaldomagalhaes.com.br\/index.php\/wp-json\/wp\/v2\/media?parent=114590"}],"wp:term":[{"taxonomy":"category","embeddable":true,"href":"https:\/\/blogdoedvaldomagalhaes.com.br\/index.php\/wp-json\/wp\/v2\/categories?post=114590"},{"taxonomy":"post_tag","embeddable":true,"href":"https:\/\/blogdoedvaldomagalhaes.com.br\/index.php\/wp-json\/wp\/v2\/tags?post=114590"}],"curies":[{"name":"wp","href":"https:\/\/api.w.org\/{rel}","templated":true}]}}