{"id":114587,"date":"2024-11-22T08:26:34","date_gmt":"2024-11-22T11:26:34","guid":{"rendered":"https:\/\/blogdoedvaldomagalhaes.com.br\/?p=114587"},"modified":"2024-11-22T08:26:34","modified_gmt":"2024-11-22T11:26:34","slug":"colisao-entre-caminhao-e-carro-deixa-feridos-na-br-232","status":"publish","type":"post","link":"https:\/\/blogdoedvaldomagalhaes.com.br\/index.php\/2024\/11\/22\/colisao-entre-caminhao-e-carro-deixa-feridos-na-br-232\/","title":{"rendered":"Colis\u00e3o entre caminh\u00e3o e carro deixa feridos na BR 232"},"content":{"rendered":"<p>O sinistro de tr\u00e2nsito ocorreu por volta das 18h, dessa quinta-feira (21.11), no km 16 da BR 232, em Jaboat\u00e3o dos Guararapes, sentido Recife.<\/p>\n<p>Foi uma colis\u00e3o de um caminh\u00e3o na parte de tr\u00e1s de um carro. Os dois veiculos havia sa\u00eddo de um retorno e ao mudar de faixa ocorreu a colis\u00e3o.<\/p>\n<p>No carro havia cinco ocupantes e dois ficaram feridos, a princ\u00edpio sem gravidade. Eles foram encaminhados para a UPA do Curado.<\/p>\n<p>A motorista do carro e o motorista do caminh\u00e3o realizaram o teste do baf\u00f4metro e o resultado foi normal.<br \/>\nSeja seguidor do Instagram do Blog @blogdoedvaldagalhaes<br \/>\nFoto: Divulga\u00e7\u00e3o\/PRF<\/p>\n","protected":false},"excerpt":{"rendered":"<p>O sinistro de tr\u00e2nsito ocorreu por volta das 18h, dessa quinta-feira (21.11), no km 16 da BR 232, em Jaboat\u00e3o&hellip;<\/p>\n","protected":false},"author":1,"featured_media":114588,"comment_status":"closed","ping_status":"open","sticky":false,"template":"","format":"standard","meta":{"footnotes":""},"categories":[14120],"tags":[14276,29440,27410,2,28801,32205,30295],"class_list":["post-114587","post","type-post","status-publish","format-standard","has-post-thumbnail","hentry","category-noticias","tag-acidente","tag-blog-com-mais-visualizacao","tag-blog-de-caruaru","tag-blog-do-edvaldo-magalhaes","tag-blog-mais-acessado","tag-colisao-entre-caminhao-e-carro-deixa-feridos-na-br-232","tag-sinistro"],"_links":{"self":[{"href":"https:\/\/blogdoedvaldomagalhaes.com.br\/index.php\/wp-json\/wp\/v2\/posts\/114587","targetHints":{"allow":["GET"]}}],"collection":[{"href":"https:\/\/blogdoedvaldomagalhaes.com.br\/index.php\/wp-json\/wp\/v2\/posts"}],"about":[{"href":"https:\/\/blogdoedvaldomagalhaes.com.br\/index.php\/wp-json\/wp\/v2\/types\/post"}],"author":[{"embeddable":true,"href":"https:\/\/blogdoedvaldomagalhaes.com.br\/index.php\/wp-json\/wp\/v2\/users\/1"}],"replies":[{"embeddable":true,"href":"https:\/\/blogdoedvaldomagalhaes.com.br\/index.php\/wp-json\/wp\/v2\/comments?post=114587"}],"version-history":[{"count":1,"href":"https:\/\/blogdoedvaldomagalhaes.com.br\/index.php\/wp-json\/wp\/v2\/posts\/114587\/revisions"}],"predecessor-version":[{"id":114589,"href":"https:\/\/blogdoedvaldomagalhaes.com.br\/index.php\/wp-json\/wp\/v2\/posts\/114587\/revisions\/114589"}],"wp:featuredmedia":[{"embeddable":true,"href":"https:\/\/blogdoedvaldomagalhaes.com.br\/index.php\/wp-json\/wp\/v2\/media\/114588"}],"wp:attachment":[{"href":"https:\/\/blogdoedvaldomagalhaes.com.br\/index.php\/wp-json\/wp\/v2\/media?parent=114587"}],"wp:term":[{"taxonomy":"category","embeddable":true,"href":"https:\/\/blogdoedvaldomagalhaes.com.br\/index.php\/wp-json\/wp\/v2\/categories?post=114587"},{"taxonomy":"post_tag","embeddable":true,"href":"https:\/\/blogdoedvaldomagalhaes.com.br\/index.php\/wp-json\/wp\/v2\/tags?post=114587"}],"curies":[{"name":"wp","href":"https:\/\/api.w.org\/{rel}","templated":true}]}}