{"id":114580,"date":"2024-11-21T21:06:55","date_gmt":"2024-11-22T00:06:55","guid":{"rendered":"https:\/\/blogdoedvaldomagalhaes.com.br\/?p=114580"},"modified":"2024-11-21T21:06:55","modified_gmt":"2024-11-22T00:06:55","slug":"apae-caruaru-ganha-anexo-e-aumenta-espaco-para-atendimentos","status":"publish","type":"post","link":"https:\/\/blogdoedvaldomagalhaes.com.br\/index.php\/2024\/11\/21\/apae-caruaru-ganha-anexo-e-aumenta-espaco-para-atendimentos\/","title":{"rendered":"Apae Caruaru ganha anexo e aumenta espa\u00e7o para atendimentos"},"content":{"rendered":"<p><span style=\"font-size: revert;\">Na pr\u00f3xima quarta-feira a Apae Caruaru ir\u00e1 inaugurar um novo anexo em sua unidade. O espa\u00e7o contar\u00e1 com uma recep\u00e7\u00e3o, duas salas, um consult\u00f3rio e um banheiro PNE (adaptado para pessoas com defici\u00eancia). O novo espa\u00e7o ir\u00e1 aumentar a quantidade de atendimentos e oferecer\u00e1 mais espa\u00e7o e conforto para as pessoas atendidas. O espa\u00e7o foi constru\u00eddo atrav\u00e9s de uma parceria da Federa\u00e7\u00e3o das Apaes de Pernambuco, Apae Brasil e Pernambuco da Sorte que financiou o novo local a partir de um projeto apresentado pela Apae Caruaru. J\u00e1 os equipamentos foram doados pela Igreja Brasileira Jesus Cristo dos Santos do \u00daltimos Dias.<\/span><\/p>\n<p>A constru\u00e7\u00e3o do anexo durou cerca de 08 meses, tendo in\u00edcio em agosto de 2023 e finalizando as obras em mar\u00e7o deste ano, desde ent\u00e3o os atendimentos vem sendo realizados no local, sendo entregue no pr\u00f3ximo dia 27 de forma oficial. A Apae foi inaugurada em Caruaru em mar\u00e7o de 2016 e atualmente atende mais de 250 pessoas nas \u00e1reas de sa\u00fade, educa\u00e7\u00e3o, lazer, esporte, cultura, assist\u00eancia social e assist\u00eancia jur\u00eddica. Apesar do espa\u00e7o que ser\u00e1 entregue, a lista de espera para atendimento na Apae Caruaru \u00e9 de mais de 450 pessoas.<\/p>\n<p>A solenidade de entrega do anexo acontece na pr\u00f3xima quarta-feira, dia 27 de novembro, \u00e0s 10 horas da manh\u00e3 na sede da Apae Caruaru localizada na rua Alzira Vidal de Oliveira, 448 \u2013 Bairro Petr\u00f3polis \u2013 Caruaru.<br \/>\nSeja seguidor do Instagram do Blog @blogdoedvaldomagalhaes.<br \/>\nFoto: Divulga\u00e7\u00e3o<\/p>\n","protected":false},"excerpt":{"rendered":"<p>Na pr\u00f3xima quarta-feira a Apae Caruaru ir\u00e1 inaugurar um novo anexo em sua unidade. O espa\u00e7o contar\u00e1 com uma recep\u00e7\u00e3o,&hellip;<\/p>\n","protected":false},"author":1,"featured_media":114581,"comment_status":"closed","ping_status":"open","sticky":false,"template":"","format":"standard","meta":{"footnotes":""},"categories":[14120],"tags":[32203,28803,27410,2],"class_list":["post-114580","post","type-post","status-publish","format-standard","has-post-thumbnail","hentry","category-noticias","tag-blog-blog-mais-acessado","tag-blog-com-mais-visualizacoes","tag-blog-de-caruaru","tag-blog-do-edvaldo-magalhaes"],"_links":{"self":[{"href":"https:\/\/blogdoedvaldomagalhaes.com.br\/index.php\/wp-json\/wp\/v2\/posts\/114580","targetHints":{"allow":["GET"]}}],"collection":[{"href":"https:\/\/blogdoedvaldomagalhaes.com.br\/index.php\/wp-json\/wp\/v2\/posts"}],"about":[{"href":"https:\/\/blogdoedvaldomagalhaes.com.br\/index.php\/wp-json\/wp\/v2\/types\/post"}],"author":[{"embeddable":true,"href":"https:\/\/blogdoedvaldomagalhaes.com.br\/index.php\/wp-json\/wp\/v2\/users\/1"}],"replies":[{"embeddable":true,"href":"https:\/\/blogdoedvaldomagalhaes.com.br\/index.php\/wp-json\/wp\/v2\/comments?post=114580"}],"version-history":[{"count":1,"href":"https:\/\/blogdoedvaldomagalhaes.com.br\/index.php\/wp-json\/wp\/v2\/posts\/114580\/revisions"}],"predecessor-version":[{"id":114582,"href":"https:\/\/blogdoedvaldomagalhaes.com.br\/index.php\/wp-json\/wp\/v2\/posts\/114580\/revisions\/114582"}],"wp:featuredmedia":[{"embeddable":true,"href":"https:\/\/blogdoedvaldomagalhaes.com.br\/index.php\/wp-json\/wp\/v2\/media\/114581"}],"wp:attachment":[{"href":"https:\/\/blogdoedvaldomagalhaes.com.br\/index.php\/wp-json\/wp\/v2\/media?parent=114580"}],"wp:term":[{"taxonomy":"category","embeddable":true,"href":"https:\/\/blogdoedvaldomagalhaes.com.br\/index.php\/wp-json\/wp\/v2\/categories?post=114580"},{"taxonomy":"post_tag","embeddable":true,"href":"https:\/\/blogdoedvaldomagalhaes.com.br\/index.php\/wp-json\/wp\/v2\/tags?post=114580"}],"curies":[{"name":"wp","href":"https:\/\/api.w.org\/{rel}","templated":true}]}}