{"id":114577,"date":"2024-11-21T20:10:24","date_gmt":"2024-11-21T23:10:24","guid":{"rendered":"https:\/\/blogdoedvaldomagalhaes.com.br\/?p=114577"},"modified":"2024-11-21T20:10:24","modified_gmt":"2024-11-21T23:10:24","slug":"centro-integrado-de-monitoramento-evita-furto-de-placa-em-caruaru","status":"publish","type":"post","link":"https:\/\/blogdoedvaldomagalhaes.com.br\/index.php\/2024\/11\/21\/centro-integrado-de-monitoramento-evita-furto-de-placa-em-caruaru\/","title":{"rendered":"Centro Integrado de Monitoramento evita furto de placa em Caruaru"},"content":{"rendered":"<p><span style=\"font-size: revert;\">Na manh\u00e3 desta quinta-feira (21), o Centro Integrado de Monitoramento (CIM), por meio das c\u00e2meras instaladas nas principais ruas de Caruaru, identificou dois homens tentando furtar uma placa na pra\u00e7a da Avenida Rodrigues de Jesus.<\/span><\/p>\n<p>A Guarda Municipal recebeu a informa\u00e7\u00e3o e rapidamente chegou no local, prendendo os dois suspeitos.<br \/>\nOs homens foram conduzidos \u00e0 Delegacia de Plant\u00e3o para as provid\u00eancias cab\u00edveis. O CIM segue monitorando 24 horas, atrav\u00e9s de 250 c\u00e2meras. Foto: Divulga\u00e7\u00e3o.<br \/>\nSeja seguidor do Instagram do Blog @blogdoedvaldomagalhaes<\/p>\n","protected":false},"excerpt":{"rendered":"<p>Na manh\u00e3 desta quinta-feira (21), o Centro Integrado de Monitoramento (CIM), por meio das c\u00e2meras instaladas nas principais ruas de&hellip;<\/p>\n","protected":false},"author":1,"featured_media":114578,"comment_status":"closed","ping_status":"open","sticky":false,"template":"","format":"standard","meta":{"footnotes":""},"categories":[14121],"tags":[30592,27410,2,28801],"class_list":["post-114577","post","type-post","status-publish","format-standard","has-post-thumbnail","hentry","category-policial","tag-blog-com-mais-seguidores","tag-blog-de-caruaru","tag-blog-do-edvaldo-magalhaes","tag-blog-mais-acessado"],"_links":{"self":[{"href":"https:\/\/blogdoedvaldomagalhaes.com.br\/index.php\/wp-json\/wp\/v2\/posts\/114577","targetHints":{"allow":["GET"]}}],"collection":[{"href":"https:\/\/blogdoedvaldomagalhaes.com.br\/index.php\/wp-json\/wp\/v2\/posts"}],"about":[{"href":"https:\/\/blogdoedvaldomagalhaes.com.br\/index.php\/wp-json\/wp\/v2\/types\/post"}],"author":[{"embeddable":true,"href":"https:\/\/blogdoedvaldomagalhaes.com.br\/index.php\/wp-json\/wp\/v2\/users\/1"}],"replies":[{"embeddable":true,"href":"https:\/\/blogdoedvaldomagalhaes.com.br\/index.php\/wp-json\/wp\/v2\/comments?post=114577"}],"version-history":[{"count":1,"href":"https:\/\/blogdoedvaldomagalhaes.com.br\/index.php\/wp-json\/wp\/v2\/posts\/114577\/revisions"}],"predecessor-version":[{"id":114579,"href":"https:\/\/blogdoedvaldomagalhaes.com.br\/index.php\/wp-json\/wp\/v2\/posts\/114577\/revisions\/114579"}],"wp:featuredmedia":[{"embeddable":true,"href":"https:\/\/blogdoedvaldomagalhaes.com.br\/index.php\/wp-json\/wp\/v2\/media\/114578"}],"wp:attachment":[{"href":"https:\/\/blogdoedvaldomagalhaes.com.br\/index.php\/wp-json\/wp\/v2\/media?parent=114577"}],"wp:term":[{"taxonomy":"category","embeddable":true,"href":"https:\/\/blogdoedvaldomagalhaes.com.br\/index.php\/wp-json\/wp\/v2\/categories?post=114577"},{"taxonomy":"post_tag","embeddable":true,"href":"https:\/\/blogdoedvaldomagalhaes.com.br\/index.php\/wp-json\/wp\/v2\/tags?post=114577"}],"curies":[{"name":"wp","href":"https:\/\/api.w.org\/{rel}","templated":true}]}}