{"id":114574,"date":"2024-11-21T17:32:13","date_gmt":"2024-11-21T20:32:13","guid":{"rendered":"https:\/\/blogdoedvaldomagalhaes.com.br\/?p=114574"},"modified":"2024-11-21T17:32:13","modified_gmt":"2024-11-21T20:32:13","slug":"role-do-vinil-sera-realizado-em-caruaru-neste-sabado-23","status":"publish","type":"post","link":"https:\/\/blogdoedvaldomagalhaes.com.br\/index.php\/2024\/11\/21\/role-do-vinil-sera-realizado-em-caruaru-neste-sabado-23\/","title":{"rendered":"Rol\u00ea do Vinil ser\u00e1 realizado em Caruaru neste s\u00e1bado (23)"},"content":{"rendered":"<p>Neste s\u00e1bado (23.11) acontece mais uma edi\u00e7\u00e3o do Rol\u00ea do Vinil, evento que re\u00fane amantes do Vinil, da boa m\u00fasica, arte, gastronomia e artesanato. <\/p>\n<p>O evento \u00e9 realizado uma vez por m\u00eas, sempre no s\u00e1bado, na rua Jo\u00e3o Cond\u00e9 em frente a famosa Confraria da Sucata, bem no centro de Caruaru. J\u00e1 s\u00e3o 10 edi\u00e7\u00f5es e um ano de hist\u00f3ria que come\u00e7ou com uma ideia entre amigos e hoje se consolidou e re\u00fane centenas de pessoas todos os meses. <\/p>\n<p>O Rol\u00ea do Vinil foi idealizado e \u00e9 composto por um grupo de amigos que quis movimentar esse cen\u00e1rio alternativo na cidade e trazer um evento singular para a capital do forr\u00f3. <\/p>\n<p>As primeiras edi\u00e7\u00f5es ainda n\u00e3o oficiais, aconteceram em outubro de 2023 a cada quinze dias, nas sextas \u00e0 noite, na Sucata, que reunia amigos mais pr\u00f3ximos para conversar, falar de m\u00fasica, arte, cultura e curtir a m\u00fasica dos vinis que os amigos colocavam com alguns poucos equipamentos pr\u00f3prios. <\/p>\n<p>A cada edi\u00e7\u00e3o, o p\u00fablico aumentou e a cena foi se fortalecendo. <\/p>\n<p>Em 2024 a ideia foi de continuar e fazer crescer o evento homenageando um dos idealizadores que faleceu este ano.<\/p>\n<p>O Rol\u00ea al\u00e9m de trazer a fanosa discotecagem de vinis com o _DJ Rao Soares_ ainda traz um artista convidado a cada m\u00eas para fazer seu show. No palco do Rol\u00ea j\u00e1 passaram RivoTrio, Forr\u00f3 de Cavaco, Nika Mac\u00eado, Erisson Porto e Matheus Ferraz.<\/p>\n<p>Hoje o Rol\u00ea conta com estrutura de som, palco, artistas convidados, feiras de vinis e de artesanato, rol\u00ea gastron\u00f4mico com drinks, comidas variadas, parcerias e muita m\u00fasica.<\/p>\n<p>Na edi\u00e7\u00e3o desse m\u00eas de novembro, o Rol\u00ea convida a cantora Bella Kahun trazendo seu show direto de Garanhuns, muito dan\u00e7ante e cheio de charme.<\/p>\n<p>*SERVI\u00c7O*<br \/>\nO QU\u00ca: Rol\u00ea do Vinil<br \/>\nQUANDO: Pr\u00f3ximo s\u00e1bado, dia 23\/11<br \/>\nONDE: Rua Jo\u00e3o Cond\u00e9 &#8211; Confraria da Sucata<br \/>\nHORA: A partir das 15h<br \/>\nEvento totalmente gratuito.<br \/>\nFoto e arte: Alem\u00e3o Kruger<br \/>\nSeja seguidor do Instagram do Blog @blogdoedvaldomagalhaes<\/p>\n","protected":false},"excerpt":{"rendered":"<p>Neste s\u00e1bado (23.11) acontece mais uma edi\u00e7\u00e3o do Rol\u00ea do Vinil, evento que re\u00fane amantes do Vinil, da boa m\u00fasica,&hellip;<\/p>\n","protected":false},"author":1,"featured_media":114575,"comment_status":"closed","ping_status":"open","sticky":false,"template":"","format":"standard","meta":{"footnotes":""},"categories":[14120],"tags":[30253,28803,13146,28801,32202],"class_list":["post-114574","post","type-post","status-publish","format-standard","has-post-thumbnail","hentry","category-noticias","tag-blog-caruaru","tag-blog-com-mais-visualizacoes","tag-blog-edvaldo-magalhaes","tag-blog-mais-acessado","tag-role-do-vinil-sera-realizado-em-caruaru-neste-sabado-23"],"_links":{"self":[{"href":"https:\/\/blogdoedvaldomagalhaes.com.br\/index.php\/wp-json\/wp\/v2\/posts\/114574","targetHints":{"allow":["GET"]}}],"collection":[{"href":"https:\/\/blogdoedvaldomagalhaes.com.br\/index.php\/wp-json\/wp\/v2\/posts"}],"about":[{"href":"https:\/\/blogdoedvaldomagalhaes.com.br\/index.php\/wp-json\/wp\/v2\/types\/post"}],"author":[{"embeddable":true,"href":"https:\/\/blogdoedvaldomagalhaes.com.br\/index.php\/wp-json\/wp\/v2\/users\/1"}],"replies":[{"embeddable":true,"href":"https:\/\/blogdoedvaldomagalhaes.com.br\/index.php\/wp-json\/wp\/v2\/comments?post=114574"}],"version-history":[{"count":1,"href":"https:\/\/blogdoedvaldomagalhaes.com.br\/index.php\/wp-json\/wp\/v2\/posts\/114574\/revisions"}],"predecessor-version":[{"id":114576,"href":"https:\/\/blogdoedvaldomagalhaes.com.br\/index.php\/wp-json\/wp\/v2\/posts\/114574\/revisions\/114576"}],"wp:featuredmedia":[{"embeddable":true,"href":"https:\/\/blogdoedvaldomagalhaes.com.br\/index.php\/wp-json\/wp\/v2\/media\/114575"}],"wp:attachment":[{"href":"https:\/\/blogdoedvaldomagalhaes.com.br\/index.php\/wp-json\/wp\/v2\/media?parent=114574"}],"wp:term":[{"taxonomy":"category","embeddable":true,"href":"https:\/\/blogdoedvaldomagalhaes.com.br\/index.php\/wp-json\/wp\/v2\/categories?post=114574"},{"taxonomy":"post_tag","embeddable":true,"href":"https:\/\/blogdoedvaldomagalhaes.com.br\/index.php\/wp-json\/wp\/v2\/tags?post=114574"}],"curies":[{"name":"wp","href":"https:\/\/api.w.org\/{rel}","templated":true}]}}