{"id":114571,"date":"2024-11-21T17:21:43","date_gmt":"2024-11-21T20:21:43","guid":{"rendered":"https:\/\/blogdoedvaldomagalhaes.com.br\/?p=114571"},"modified":"2024-11-21T17:21:43","modified_gmt":"2024-11-21T20:21:43","slug":"jorge-quintino-propoe-prioridade-de-matricula-para-alunos-com-tea-em-escolas-proximas","status":"publish","type":"post","link":"https:\/\/blogdoedvaldomagalhaes.com.br\/index.php\/2024\/11\/21\/jorge-quintino-propoe-prioridade-de-matricula-para-alunos-com-tea-em-escolas-proximas\/","title":{"rendered":"Jorge Quintino prop\u00f5e prioridade de matr\u00edcula para alunos com TEA em escolas pr\u00f3ximas"},"content":{"rendered":"<p>O vereador Professor Jorge Quintino apresentou, um projeto de lei que visa garantir a prioridade de matr\u00edcula para alunos com Transtorno do Espectro Autista (TEA) em escolas municipais localizadas nas proximidades da resid\u00eancia ou do local de trabalho de seus respons\u00e1veis. A proposta, pioneira em Caruaru, reflete o compromisso do parlamentar com a inclus\u00e3o e os direitos das pessoas com defici\u00eancia.<\/p>\n<p>O objetivo principal do projeto \u00e9 assegurar um acesso mais facilitado e equitativo ao ensino, promovendo qualidade de vida para as fam\u00edlias e respeitando as necessidades espec\u00edficas dos alunos com TEA. Para Jorge Quintino, a iniciativa refor\u00e7a a responsabilidade do poder p\u00fablico em oferecer condi\u00e7\u00f5es adequadas para a educa\u00e7\u00e3o inclusiva.<\/p>\n<p>\t\u201cA inclus\u00e3o come\u00e7a pelo respeito \u00e0s particularidades de cada crian\u00e7a e adolescente. Garantir que eles estudem pr\u00f3ximos de suas casas ou do trabalho de seus respons\u00e1veis \u00e9 uma forma de promover acolhimento e reduzir as dificuldades enfrentadas diariamente por essas fam\u00edlias\u201d, destacou o vereado<\/p>\n<p>Al\u00e9m de beneficiar diretamente os estudantes, o projeto de lei tamb\u00e9m considera o impacto positivo sobre as fam\u00edlias que lidam com os desafios cotidianos do autismo. A proximidade da escola reduz a log\u00edstica complexa de deslocamentos e permite maior intera\u00e7\u00e3o da comunidade escolar com os respons\u00e1veis, criando um ambiente mais acolhedor e eficiente.<\/p>\n<p>A medida est\u00e1 alinhada com a Lei Brasileira de Inclus\u00e3o (LBI) e com as diretrizes educacionais nacionais, que reconhecem o direito \u00e0 educa\u00e7\u00e3o como fundamental, al\u00e9m de destacar a import\u00e2ncia da acessibilidade e da oferta de servi\u00e7os adequados \u00e0s pessoas com defici\u00eancia.<\/p>\n<p>Com um hist\u00f3rico de atua\u00e7\u00e3o em defesa dos direitos das pessoas com TEA, Jorge Quintino tem sido reconhecido como um dos principais defensores da inclus\u00e3o no munic\u00edpio. Essa proposta se soma a outras iniciativas j\u00e1 apresentadas pelo parlamentar, como a cria\u00e7\u00e3o de pol\u00edticas p\u00fablicas para a prote\u00e7\u00e3o e o cuidado das pessoas com autismo em Caruaru.<br \/>\nSeja seguidor do Instagram do Blog @blogdoedvaldomagalhaes<br \/>\nFoto: Vladimir Barreto <\/p>\n","protected":false},"excerpt":{"rendered":"<p>O vereador Professor Jorge Quintino apresentou, um projeto de lei que visa garantir a prioridade de matr\u00edcula para alunos com&hellip;<\/p>\n","protected":false},"author":1,"featured_media":114572,"comment_status":"closed","ping_status":"open","sticky":false,"template":"","format":"standard","meta":{"footnotes":""},"categories":[14122],"tags":[29440,27410,2,28801,32201],"class_list":["post-114571","post","type-post","status-publish","format-standard","has-post-thumbnail","hentry","category-politica","tag-blog-com-mais-visualizacao","tag-blog-de-caruaru","tag-blog-do-edvaldo-magalhaes","tag-blog-mais-acessado","tag-jorge-quintino-propoe-prioridade-de-matricula-para-alunos-com-tea-em-escolas-proximas"],"_links":{"self":[{"href":"https:\/\/blogdoedvaldomagalhaes.com.br\/index.php\/wp-json\/wp\/v2\/posts\/114571","targetHints":{"allow":["GET"]}}],"collection":[{"href":"https:\/\/blogdoedvaldomagalhaes.com.br\/index.php\/wp-json\/wp\/v2\/posts"}],"about":[{"href":"https:\/\/blogdoedvaldomagalhaes.com.br\/index.php\/wp-json\/wp\/v2\/types\/post"}],"author":[{"embeddable":true,"href":"https:\/\/blogdoedvaldomagalhaes.com.br\/index.php\/wp-json\/wp\/v2\/users\/1"}],"replies":[{"embeddable":true,"href":"https:\/\/blogdoedvaldomagalhaes.com.br\/index.php\/wp-json\/wp\/v2\/comments?post=114571"}],"version-history":[{"count":1,"href":"https:\/\/blogdoedvaldomagalhaes.com.br\/index.php\/wp-json\/wp\/v2\/posts\/114571\/revisions"}],"predecessor-version":[{"id":114573,"href":"https:\/\/blogdoedvaldomagalhaes.com.br\/index.php\/wp-json\/wp\/v2\/posts\/114571\/revisions\/114573"}],"wp:featuredmedia":[{"embeddable":true,"href":"https:\/\/blogdoedvaldomagalhaes.com.br\/index.php\/wp-json\/wp\/v2\/media\/114572"}],"wp:attachment":[{"href":"https:\/\/blogdoedvaldomagalhaes.com.br\/index.php\/wp-json\/wp\/v2\/media?parent=114571"}],"wp:term":[{"taxonomy":"category","embeddable":true,"href":"https:\/\/blogdoedvaldomagalhaes.com.br\/index.php\/wp-json\/wp\/v2\/categories?post=114571"},{"taxonomy":"post_tag","embeddable":true,"href":"https:\/\/blogdoedvaldomagalhaes.com.br\/index.php\/wp-json\/wp\/v2\/tags?post=114571"}],"curies":[{"name":"wp","href":"https:\/\/api.w.org\/{rel}","templated":true}]}}