{"id":114566,"date":"2024-11-21T17:13:21","date_gmt":"2024-11-21T20:13:21","guid":{"rendered":"https:\/\/blogdoedvaldomagalhaes.com.br\/?p=114566"},"modified":"2024-11-21T17:16:42","modified_gmt":"2024-11-21T20:16:42","slug":"anderson-correia-alerta-para-fiscalizacao-de-maus-tratos-a-animais-de-grande-porte-em-caruaru","status":"publish","type":"post","link":"https:\/\/blogdoedvaldomagalhaes.com.br\/index.php\/2024\/11\/21\/anderson-correia-alerta-para-fiscalizacao-de-maus-tratos-a-animais-de-grande-porte-em-caruaru\/","title":{"rendered":"Anderson Correia alerta para fiscaliza\u00e7\u00e3o de maus-tratos a animais de grande porte em Caruaru"},"content":{"rendered":"<p>Maior refer\u00eancia em resgates de animais de grande porte em situa\u00e7\u00e3o de maus-tratos no Estado, o vereador Anderson Correia (PP) resgatou mais um cavalo abandonado, em um terreno, do bairro Divin\u00f3polis, em Caruaru, nesta quinta-feira (21). O parlamentar foi acionado por meio de uma den\u00fancia, e encontrou o animal preso por uma corda sob o forte sol das 14h, sem \u00e1gua e sem alimenta\u00e7\u00e3o, desde \u00e0s 7h na mesma posi\u00e7\u00e3o.<\/p>\n<p>Ao se deparar com a situa\u00e7\u00e3o, o defensor dos animais acionou o Munic\u00edpio, que enviou o transporte para fazer o manejo e resgate do cavalo, que ser\u00e1 cuidado por veterin\u00e1rios e, posteriormente, ser\u00e1 colocado para ado\u00e7\u00e3o. Em meio \u00e0 dilig\u00eancia no local, Correia alertou para a necessidade de o Munic\u00edpio fazer uma fiscaliza\u00e7\u00e3o eficaz, por meio de pol\u00edticas p\u00fablicas voltadas para os animais de grande porte, visando acabar com essa situa\u00e7\u00e3o corriqueira na cidade.<\/p>\n<p>\u201c\u00c9 desumano a pessoa deixar um animal assim para morrer num local extremamente quente, sem \u00e1gua, sem comida e ainda em terreno alheio, que \u00e9 crime conforme nosso o Artigo 164 do nosso C\u00f3digo Penal, al\u00e9m da situa\u00e7\u00e3o de maus-tratos que o cavalo se encontra, com o escore corp\u00f3reo abaixo do ideal. O Munic\u00edpio precisa urgente criar um cadastro dos carroceiros e de tutores de animais de grande porte, para microchipar esses animais e identificar seus tutores, responsabilizando-os sobre os deveres e cuidados com seus equinos. Isso \u00e9 um pedido nosso desde o in\u00edcio do nosso mandato, e esperamos uma sensibilidade do Poder P\u00fablico neste sentido\u201d, destacou Anderson.<br \/>\nSeja seguidor do Instagram do Blog @blogdoedvaldomagalhaes<br \/>\nFoto: Divulga\u00e7\u00e3o <\/p>\n","protected":false},"excerpt":{"rendered":"<p>Maior refer\u00eancia em resgates de animais de grande porte em situa\u00e7\u00e3o de maus-tratos no Estado, o vereador Anderson Correia (PP)&hellip;<\/p>\n","protected":false},"author":1,"featured_media":114570,"comment_status":"closed","ping_status":"open","sticky":false,"template":"","format":"standard","meta":{"footnotes":""},"categories":[14122],"tags":[32200,30253,30592,13146,28801,20],"class_list":["post-114566","post","type-post","status-publish","format-standard","has-post-thumbnail","hentry","category-politica","tag-anderson-correia-alerta-para-fiscalizacao-de-maus-tratos-a-animais-de-grande-porte-em-caruaru","tag-blog-caruaru","tag-blog-com-mais-seguidores","tag-blog-edvaldo-magalhaes","tag-blog-mais-acessado","tag-politica"],"_links":{"self":[{"href":"https:\/\/blogdoedvaldomagalhaes.com.br\/index.php\/wp-json\/wp\/v2\/posts\/114566","targetHints":{"allow":["GET"]}}],"collection":[{"href":"https:\/\/blogdoedvaldomagalhaes.com.br\/index.php\/wp-json\/wp\/v2\/posts"}],"about":[{"href":"https:\/\/blogdoedvaldomagalhaes.com.br\/index.php\/wp-json\/wp\/v2\/types\/post"}],"author":[{"embeddable":true,"href":"https:\/\/blogdoedvaldomagalhaes.com.br\/index.php\/wp-json\/wp\/v2\/users\/1"}],"replies":[{"embeddable":true,"href":"https:\/\/blogdoedvaldomagalhaes.com.br\/index.php\/wp-json\/wp\/v2\/comments?post=114566"}],"version-history":[{"count":1,"href":"https:\/\/blogdoedvaldomagalhaes.com.br\/index.php\/wp-json\/wp\/v2\/posts\/114566\/revisions"}],"predecessor-version":[{"id":114568,"href":"https:\/\/blogdoedvaldomagalhaes.com.br\/index.php\/wp-json\/wp\/v2\/posts\/114566\/revisions\/114568"}],"wp:featuredmedia":[{"embeddable":true,"href":"https:\/\/blogdoedvaldomagalhaes.com.br\/index.php\/wp-json\/wp\/v2\/media\/114570"}],"wp:attachment":[{"href":"https:\/\/blogdoedvaldomagalhaes.com.br\/index.php\/wp-json\/wp\/v2\/media?parent=114566"}],"wp:term":[{"taxonomy":"category","embeddable":true,"href":"https:\/\/blogdoedvaldomagalhaes.com.br\/index.php\/wp-json\/wp\/v2\/categories?post=114566"},{"taxonomy":"post_tag","embeddable":true,"href":"https:\/\/blogdoedvaldomagalhaes.com.br\/index.php\/wp-json\/wp\/v2\/tags?post=114566"}],"curies":[{"name":"wp","href":"https:\/\/api.w.org\/{rel}","templated":true}]}}