{"id":114563,"date":"2024-11-21T13:40:40","date_gmt":"2024-11-21T16:40:40","guid":{"rendered":"https:\/\/blogdoedvaldomagalhaes.com.br\/?p=114563"},"modified":"2024-11-21T13:40:40","modified_gmt":"2024-11-21T16:40:40","slug":"2o-dia-da-campanha-de-vacinacao-antirrabica-sera-neste-sabado-23-em-caruaru","status":"publish","type":"post","link":"https:\/\/blogdoedvaldomagalhaes.com.br\/index.php\/2024\/11\/21\/2o-dia-da-campanha-de-vacinacao-antirrabica-sera-neste-sabado-23-em-caruaru\/","title":{"rendered":"2\u00ba dia da Campanha de Vacina\u00e7\u00e3o Antirr\u00e1bica ser\u00e1 neste s\u00e1bado (23) em Caruaru"},"content":{"rendered":"<p style=\"font-weight: 400;\"><span data-removefontsize=\"true\" data-originalcomputedfontsize=\"16\">A Secretaria de Sa\u00fade de Caruaru (SMS), por meio da Vigil\u00e2ncia em Sa\u00fade, realiza o segundo dia da Campanha de Vacina\u00e7\u00e3o Antirr\u00e1bica para c\u00e3es e gatos neste s\u00e1bado, 23 de novembro. A a\u00e7\u00e3o ser\u00e1 realizada em 14 bairros, com 22 pontos de vacina\u00e7\u00e3o, que funcionar\u00e3o das 8h \u00e0s 17h. No primeiro s\u00e1bado de a\u00e7\u00e3o, no dia nove deste m\u00eas, a campanha abrangeu 23 bairros, com 10.350 c\u00e3es e gatos vacinados. A expectativa \u00e9 que mais de 30 mil c\u00e3es e gatos sejam imunizados nos dois dias de campanha deste ano.<\/span><\/p>\n<p style=\"font-weight: 400;\"><span data-removefontsize=\"true\" data-originalcomputedfontsize=\"16\">Para quem tem a partir de cinco animais, a vacina\u00e7\u00e3o pode ser feita em domic\u00edlio. O agendamento \u00e9 pelo 3101-0201. Ao ligar, \u00e9 s\u00f3 pedir a transfer\u00eancia da liga\u00e7\u00e3o para o setor da Vigil\u00e2ncia Ambiental. O servi\u00e7o funciona de segunda a sexta, das 08h \u00e0s 13h. O tutor tamb\u00e9m pode ir a um dos locais de vacina\u00e7\u00e3o, nos dois dias de campanha, para agendar a ida da equipe.<\/span><\/p>\n<p style=\"font-weight: 400;\"><span data-removefontsize=\"true\" data-originalcomputedfontsize=\"16\">A raiva \u00e9 uma doen\u00e7a viral e infecciosa, transmiss\u00edvel de animal para animal e de animal para o homem, que se caracteriza como uma encefalite progressiva aguda e letal. A campanha tem o objetivo de controlar a circula\u00e7\u00e3o do v\u00edrus da raiva canina e felina, prevenindo tamb\u00e9m a raiva humana.<\/span><\/p>\n<p style=\"font-weight: 400;\"><span data-removefontsize=\"true\" data-originalcomputedfontsize=\"16\">Pontos de vacina\u00e7\u00e3o da campanha no dia 23 de novembro:<\/span><\/p>\n<p style=\"font-weight: 400;\"><span data-removefontsize=\"true\" data-originalcomputedfontsize=\"16\">. S\u00e3o Jo\u00e3o da Esc\u00f3cia<\/span><\/p>\n<p style=\"font-weight: 400;\"><span data-removefontsize=\"true\" data-originalcomputedfontsize=\"16\">Posto 01 &#8211; UBS S\u00e3o Jo\u00e3o da Esc\u00f3cia II, III, IV. Rua Dep. Magalh\u00e3es, R7, s\/n\u00ba &#8211; Bairro S\u00e3o Jo\u00e3o da Esc\u00f3cia.<\/span><\/p>\n<p style=\"font-weight: 400;\"><span data-removefontsize=\"true\" data-originalcomputedfontsize=\"16\">Posto 02 &#8211; Escola Jesu\u00edna Pereira Rego. Rua S\u00e3o Jo\u00e3o da Esc\u00f3cia, s\/n\u00ba.<\/span><\/p>\n<p style=\"font-weight: 400;\"><span data-removefontsize=\"true\" data-originalcomputedfontsize=\"16\">. Salgado<\/span><\/p>\n<p style=\"font-weight: 400;\"><span data-removefontsize=\"true\" data-originalcomputedfontsize=\"16\">Posto 03 &#8211; IV Geres. Rua General Estilac Leal, Salgado.<\/span><\/p>\n<p style=\"font-weight: 400;\"><span data-removefontsize=\"true\" data-originalcomputedfontsize=\"16\">Posto 04 &#8211; Cmei Ivanise Flora Ara\u00fajo Menezes. <a href=\"https:\/\/www.google.com\/maps\/search\/Rua+Padre+Roma,+104-180?entry=gmail&amp;source=g\" data-saferedirecturl=\"https:\/\/www.google.com\/url?q=https:\/\/www.google.com\/maps\/search\/Rua%2BPadre%2BRoma,%2B104-180?entry%3Dgmail%26source%3Dg&amp;source=gmail&amp;ust=1732287405761000&amp;usg=AOvVaw0bkcVnn_MUQ5pHpSdSqOOg\" data-removefontsize=\"true\" data-originalcomputedfontsize=\"16\">Rua Padre Roma, 104-180<\/a>, Salgado.<\/span><\/p>\n<p style=\"font-weight: 400;\"><span data-removefontsize=\"true\" data-originalcomputedfontsize=\"16\">Posto 05 &#8211; Escola Sinhazinha. <a href=\"https:\/\/www.google.com\/maps\/search\/Rua+Neco+Lira,+05?entry=gmail&amp;source=g\" data-saferedirecturl=\"https:\/\/www.google.com\/url?q=https:\/\/www.google.com\/maps\/search\/Rua%2BNeco%2BLira,%2B05?entry%3Dgmail%26source%3Dg&amp;source=gmail&amp;ust=1732287405761000&amp;usg=AOvVaw3ytDwZbHyYVn2huydWLTYw\" data-removefontsize=\"true\" data-originalcomputedfontsize=\"16\">Rua Neco Lira, 05<\/a>, Salgado.<\/span><\/p>\n<p style=\"font-weight: 400;\"><span data-removefontsize=\"true\" data-originalcomputedfontsize=\"16\">Posto 06 &#8211; Escola Prof. Jos\u00e9 Bione. Rua Ant\u00f4nio Carlos, 136, Salgado.<\/span><\/p>\n<p style=\"font-weight: 400;\"><span data-removefontsize=\"true\" data-originalcomputedfontsize=\"16\">. Cedro<\/span><\/p>\n<p style=\"font-weight: 400;\"><span data-removefontsize=\"true\" data-originalcomputedfontsize=\"16\">Posto 07 \u2013 Centro de Sa\u00fade do Cedro. Rua R-08, 20, Cedro.<\/span><\/p>\n<p style=\"font-weight: 400;\"><span data-removefontsize=\"true\" data-originalcomputedfontsize=\"16\">. Morada Nova<\/span><\/p>\n<p style=\"font-weight: 400;\"><span data-removefontsize=\"true\" data-originalcomputedfontsize=\"16\">Posto 08 &#8211; Tenda em frente \u00e0 Casa de Sr. Paulo (Avenida Principal).<\/span><\/p>\n<p style=\"font-weight: 400;\"><span data-removefontsize=\"true\" data-originalcomputedfontsize=\"16\">. Serran\u00f3polis<\/span><\/p>\n<p style=\"font-weight: 400;\"><span data-removefontsize=\"true\" data-originalcomputedfontsize=\"16\">Posto 09 &#8211; Cmei Jos\u00e9 Pinheiro dos S. Filho. Rua Fernando Bernardino de Lucena.<\/span><\/p>\n<p style=\"font-weight: 400;\"><span data-removefontsize=\"true\" data-originalcomputedfontsize=\"16\">. Rendeiras<\/span><\/p>\n<p style=\"font-weight: 400;\"><span data-removefontsize=\"true\" data-originalcomputedfontsize=\"16\">Posto 10 &#8211; Associa\u00e7\u00e3o de Arte e Cultura Boi Tirateima \u2013 Casar\u00e3o. <a href=\"https:\/\/www.google.com\/maps\/search\/Rua+Maj.+Jo%C3%A3o+Coelho,+625+-+Rendeiras?entry=gmail&amp;source=g\" data-saferedirecturl=\"https:\/\/www.google.com\/url?q=https:\/\/www.google.com\/maps\/search\/Rua%2BMaj.%2BJo%25C3%25A3o%2BCoelho,%2B625%2B-%2BRendeiras?entry%3Dgmail%26source%3Dg&amp;source=gmail&amp;ust=1732287405761000&amp;usg=AOvVaw10O4XHamBM7yIDY461mo5j\" data-removefontsize=\"true\" data-originalcomputedfontsize=\"16\">Rua Maj. Jo\u00e3o Coelho, 625 &#8211; Rendeiras<\/a>.<\/span><\/p>\n<p style=\"font-weight: 400;\"><span data-removefontsize=\"true\" data-originalcomputedfontsize=\"16\">. Petr\u00f3polis<\/span><\/p>\n<p style=\"font-weight: 400;\"><span data-removefontsize=\"true\" data-originalcomputedfontsize=\"16\">Posto 11 &#8211; Escola Pedro de Souza. Rua S\u00e3o Lucas, s\/n\u00ba, Petr\u00f3polis.<\/span><\/p>\n<p style=\"font-weight: 400;\"><span data-removefontsize=\"true\" data-originalcomputedfontsize=\"16\">. Vassoral<\/span><\/p>\n<p style=\"font-weight: 400;\"><span data-removefontsize=\"true\" data-originalcomputedfontsize=\"16\">Posto 12 &#8211; Escola Prof. Kerm\u00f3genes. Rua Maria Teresa, s\/n\u00ba, Vassoural.<\/span><\/p>\n<p style=\"font-weight: 400;\"><span data-removefontsize=\"true\" data-originalcomputedfontsize=\"16\">Posto 13 &#8211; Escola Felisberto de Carvalho, Rua Rui Limeira Rosal, s\/n\u00ba, Vassoural.<\/span><\/p>\n<p style=\"font-weight: 400;\"><span data-removefontsize=\"true\" data-originalcomputedfontsize=\"16\">Posto 14 &#8211; Escola Luiz Pessoa. Rua Dona Rosa Cordeiro de Melo, s\/n\u00ba, Vassoural.<\/span><\/p>\n<p style=\"font-weight: 400;\"><span data-removefontsize=\"true\" data-originalcomputedfontsize=\"16\">. Agamenon Magalh\u00e3es<\/span><\/p>\n<p style=\"font-weight: 400;\"><span data-removefontsize=\"true\" data-originalcomputedfontsize=\"16\">Posto 15 &#8211; Escola Rosilda Maciel. Rua Gustavo Bezerra, s\/n\u00ba, Agamenon Magalh\u00e3es.<\/span><\/p>\n<p style=\"font-weight: 400;\"><span data-removefontsize=\"true\" data-originalcomputedfontsize=\"16\">. Jardim Liberdade<\/span><\/p>\n<p style=\"font-weight: 400;\"><span data-removefontsize=\"true\" data-originalcomputedfontsize=\"16\">Posto 16 &#8211; Escola Prof\u00aa Gianete Silva. Rua Arquimedes de Oliveira, s\/n\u00ba, Jardim Liberdade.<\/span><\/p>\n<p style=\"font-weight: 400;\"><span data-removefontsize=\"true\" data-originalcomputedfontsize=\"16\">. Inocoop<\/span><\/p>\n<p style=\"font-weight: 400;\"><span data-removefontsize=\"true\" data-originalcomputedfontsize=\"16\">Posto 17 &#8211; Tenda no P\u00e1tio da Igreja Cat\u00f3lica. Rua Jos\u00e9 Anselmo de Azevedo, Inocoop.<\/span><\/p>\n<p style=\"font-weight: 400;\"><span data-removefontsize=\"true\" data-originalcomputedfontsize=\"16\">. Ant\u00f4nio Liberato<\/span><\/p>\n<p style=\"font-weight: 400;\"><span data-removefontsize=\"true\" data-originalcomputedfontsize=\"16\">Posto 18 &#8211; UBS Ant\u00f4nio Liberato I. <a href=\"https:\/\/www.google.com\/maps\/search\/Rua+Luciene+Rocha,+n+205?entry=gmail&amp;source=g\" data-saferedirecturl=\"https:\/\/www.google.com\/url?q=https:\/\/www.google.com\/maps\/search\/Rua%2BLuciene%2BRocha,%2Bn%2B205?entry%3Dgmail%26source%3Dg&amp;source=gmail&amp;ust=1732287405761000&amp;usg=AOvVaw19cNGYeqRVa2kH9wQ7kWZC\" data-removefontsize=\"true\" data-originalcomputedfontsize=\"16\">Rua Luciene Rocha, n 205<\/a>, J. Antonio Liberato.<\/span><\/p>\n<p style=\"font-weight: 400;\"><span data-removefontsize=\"true\" data-originalcomputedfontsize=\"16\">. Indian\u00f3polis<\/span><\/p>\n<p style=\"font-weight: 400;\"><span data-removefontsize=\"true\" data-originalcomputedfontsize=\"16\">Posto 19 &#8211; GRE \u2013 Ger\u00eancia Regional de Educa\u00e7\u00e3o. <a href=\"https:\/\/www.google.com\/maps\/search\/Rua+Ol%C3%A1vo+Bilac,+647,+Indian%C3%B3polis?entry=gmail&amp;source=g\" data-saferedirecturl=\"https:\/\/www.google.com\/url?q=https:\/\/www.google.com\/maps\/search\/Rua%2BOl%25C3%25A1vo%2BBilac,%2B647,%2BIndian%25C3%25B3polis?entry%3Dgmail%26source%3Dg&amp;source=gmail&amp;ust=1732287405761000&amp;usg=AOvVaw3fPtbdylF8e1PeNwEEbfUo\" data-removefontsize=\"true\" data-originalcomputedfontsize=\"16\">Rua Ol\u00e1vo Bilac, 647, Indian\u00f3polis<\/a>.<\/span><\/p>\n<p style=\"font-weight: 400;\"><span data-removefontsize=\"true\" data-originalcomputedfontsize=\"16\">Posto 20 &#8211; AME Indian\u00f3polis. Avenida Alferes Jorge s\/n\u00ba.<\/span><\/p>\n<p style=\"font-weight: 400;\"><span data-removefontsize=\"true\" data-originalcomputedfontsize=\"16\">. Santa Rosa<\/span><\/p>\n<p style=\"font-weight: 400;\"><span data-removefontsize=\"true\" data-originalcomputedfontsize=\"16\">Posto 21 &#8211; UBS Santa Rosa II-III-IV, Rua Santa Rosa s\/n\u00ba, Santa Rosa.<\/span><\/p>\n<p style=\"font-weight: 400;\"><span data-removefontsize=\"true\" data-originalcomputedfontsize=\"16\">Posto 22 &#8211; Escola Joel Pontes. Rua da \u00c1sia, s\/n\u00ba &#8211; Santa Rosa. Foto: Divulga\u00e7\u00e3o\/Secom\/PMC.<br \/>\nSeja seguidor do Instagram do Blog @blogdoedvaldomagalhaes<\/span><\/p>\n","protected":false},"excerpt":{"rendered":"<p>A Secretaria de Sa\u00fade de Caruaru (SMS), por meio da Vigil\u00e2ncia em Sa\u00fade, realiza o segundo dia da Campanha de&hellip;<\/p>\n","protected":false},"author":1,"featured_media":114564,"comment_status":"closed","ping_status":"open","sticky":false,"template":"","format":"standard","meta":{"footnotes":""},"categories":[14120],"tags":[30592,27410,2,28801],"class_list":["post-114563","post","type-post","status-publish","format-standard","has-post-thumbnail","hentry","category-noticias","tag-blog-com-mais-seguidores","tag-blog-de-caruaru","tag-blog-do-edvaldo-magalhaes","tag-blog-mais-acessado"],"_links":{"self":[{"href":"https:\/\/blogdoedvaldomagalhaes.com.br\/index.php\/wp-json\/wp\/v2\/posts\/114563","targetHints":{"allow":["GET"]}}],"collection":[{"href":"https:\/\/blogdoedvaldomagalhaes.com.br\/index.php\/wp-json\/wp\/v2\/posts"}],"about":[{"href":"https:\/\/blogdoedvaldomagalhaes.com.br\/index.php\/wp-json\/wp\/v2\/types\/post"}],"author":[{"embeddable":true,"href":"https:\/\/blogdoedvaldomagalhaes.com.br\/index.php\/wp-json\/wp\/v2\/users\/1"}],"replies":[{"embeddable":true,"href":"https:\/\/blogdoedvaldomagalhaes.com.br\/index.php\/wp-json\/wp\/v2\/comments?post=114563"}],"version-history":[{"count":1,"href":"https:\/\/blogdoedvaldomagalhaes.com.br\/index.php\/wp-json\/wp\/v2\/posts\/114563\/revisions"}],"predecessor-version":[{"id":114565,"href":"https:\/\/blogdoedvaldomagalhaes.com.br\/index.php\/wp-json\/wp\/v2\/posts\/114563\/revisions\/114565"}],"wp:featuredmedia":[{"embeddable":true,"href":"https:\/\/blogdoedvaldomagalhaes.com.br\/index.php\/wp-json\/wp\/v2\/media\/114564"}],"wp:attachment":[{"href":"https:\/\/blogdoedvaldomagalhaes.com.br\/index.php\/wp-json\/wp\/v2\/media?parent=114563"}],"wp:term":[{"taxonomy":"category","embeddable":true,"href":"https:\/\/blogdoedvaldomagalhaes.com.br\/index.php\/wp-json\/wp\/v2\/categories?post=114563"},{"taxonomy":"post_tag","embeddable":true,"href":"https:\/\/blogdoedvaldomagalhaes.com.br\/index.php\/wp-json\/wp\/v2\/tags?post=114563"}],"curies":[{"name":"wp","href":"https:\/\/api.w.org\/{rel}","templated":true}]}}