{"id":114550,"date":"2024-11-21T09:35:21","date_gmt":"2024-11-21T12:35:21","guid":{"rendered":"https:\/\/blogdoedvaldomagalhaes.com.br\/?p=114550"},"modified":"2024-11-21T09:35:21","modified_gmt":"2024-11-21T12:35:21","slug":"prf-e-core-resgatam-refens-de-assalto-e-apreendem-arma-e-viatura-falsa","status":"publish","type":"post","link":"https:\/\/blogdoedvaldomagalhaes.com.br\/index.php\/2024\/11\/21\/prf-e-core-resgatam-refens-de-assalto-e-apreendem-arma-e-viatura-falsa\/","title":{"rendered":"PRF e CORE resgatam ref\u00e9ns de assalto e apreendem arma e viatura falsa"},"content":{"rendered":"<p>_Carro utilizado pelos assaltantes tinha sirene  e luzes intermitentes_<\/p>\n<p>Uma viatura falsa da pol\u00edcia e um rev\u00f3lver calibre 38 foram apreendidos, na madrugada desta quinta-feira (21), na BR 408, em S\u00e3o Louren\u00e7o da Mata, no Grande Recife. A a\u00e7\u00e3o conjunta entre a Pol\u00edcia Rodovi\u00e1ria Federal (PRF) e a Pol\u00edcia Civil de Pernambuco,  por meio do Comando de Recursos Especiais (CORE),  resgatou ref\u00e9ns de um assalto que havia acabado de ser praticado.<\/p>\n<p>Policiais realizavam uma fiscaliza\u00e7\u00e3o da Opera\u00e7\u00e3o Ultima Ratio, quando receberam informa\u00e7\u00f5es de que um carro estava sendo utilizado para praticar assaltos na regi\u00e3o. As equipes avistaram o ve\u00edculo suspeito seguido por uma caminhonete e iniciaram o acompanhamento dos ve\u00edculos.<\/p>\n<p>O motorista do carro desobedeceu a ordem de parada e saiu da rodovia. Alguns quil\u00f4metros depois, o condutor e o passageiro desembarcaram do ve\u00edculo, efetuaram disparos em dire\u00e7\u00e3o aos policias e correram para uma \u00e1rea de mata. <\/p>\n<p>A equipe n\u00e3o localizou os criminosos, mas resgatou duas v\u00edtimas do assalto que estavam no ve\u00edculo. O carro era clonado e havia sido roubado h\u00e1 uma semana no Recife.<\/p>\n<p>A caminhonete tamb\u00e9m fugiu e foi alcan\u00e7ada perto da Arena Pernambuco. Dois assaltantes fugiram no momento da abordagem e n\u00e3o foram localizados. Dentro do ve\u00edculo que havia sido roubado momentos antes, estava mais uma v\u00edtima do assalto e um rev\u00f3lver calibre 38.<\/p>\n<p>As v\u00edtimas relataram que estavam sendo seguidos pelo carro, que utilizava sirene policial e luzes intermitentes, e os ocupantes efetuaram disparos para a caminhonete parar. Ap\u00f3s o assalto, dois criminosos seguiram na caminhonete e outros dois no carro, at\u00e9 serem interceptados pelos policiais.<\/p>\n<p>Os ve\u00edculos, a arma e as v\u00edtimas foram encaminhadas ao  Departamento de Homic\u00eddios e Prote\u00e7\u00e3o \u00e0 Pessoa (DHPP), na \u00e1rea central do Recife.<br \/>\nSeja seguidor do Instagram do Blog @blogdoedvaldomagalhaes<br \/>\nFoto: Divulga\u00e7\u00e3o\/PRF<\/p>\n","protected":false},"excerpt":{"rendered":"<p>_Carro utilizado pelos assaltantes tinha sirene e luzes intermitentes_ Uma viatura falsa da pol\u00edcia e um rev\u00f3lver calibre 38 foram&hellip;<\/p>\n","protected":false},"author":1,"featured_media":114551,"comment_status":"closed","ping_status":"open","sticky":false,"template":"","format":"standard","meta":{"footnotes":""},"categories":[14121],"tags":[28803,27410,2,28801,32197],"class_list":["post-114550","post","type-post","status-publish","format-standard","has-post-thumbnail","hentry","category-policial","tag-blog-com-mais-visualizacoes","tag-blog-de-caruaru","tag-blog-do-edvaldo-magalhaes","tag-blog-mais-acessado","tag-prf-e-core-resgatam-refens-de-assalto-e-apreendem-arma-e-viatura-falsa-na-br-408"],"_links":{"self":[{"href":"https:\/\/blogdoedvaldomagalhaes.com.br\/index.php\/wp-json\/wp\/v2\/posts\/114550","targetHints":{"allow":["GET"]}}],"collection":[{"href":"https:\/\/blogdoedvaldomagalhaes.com.br\/index.php\/wp-json\/wp\/v2\/posts"}],"about":[{"href":"https:\/\/blogdoedvaldomagalhaes.com.br\/index.php\/wp-json\/wp\/v2\/types\/post"}],"author":[{"embeddable":true,"href":"https:\/\/blogdoedvaldomagalhaes.com.br\/index.php\/wp-json\/wp\/v2\/users\/1"}],"replies":[{"embeddable":true,"href":"https:\/\/blogdoedvaldomagalhaes.com.br\/index.php\/wp-json\/wp\/v2\/comments?post=114550"}],"version-history":[{"count":1,"href":"https:\/\/blogdoedvaldomagalhaes.com.br\/index.php\/wp-json\/wp\/v2\/posts\/114550\/revisions"}],"predecessor-version":[{"id":114552,"href":"https:\/\/blogdoedvaldomagalhaes.com.br\/index.php\/wp-json\/wp\/v2\/posts\/114550\/revisions\/114552"}],"wp:featuredmedia":[{"embeddable":true,"href":"https:\/\/blogdoedvaldomagalhaes.com.br\/index.php\/wp-json\/wp\/v2\/media\/114551"}],"wp:attachment":[{"href":"https:\/\/blogdoedvaldomagalhaes.com.br\/index.php\/wp-json\/wp\/v2\/media?parent=114550"}],"wp:term":[{"taxonomy":"category","embeddable":true,"href":"https:\/\/blogdoedvaldomagalhaes.com.br\/index.php\/wp-json\/wp\/v2\/categories?post=114550"},{"taxonomy":"post_tag","embeddable":true,"href":"https:\/\/blogdoedvaldomagalhaes.com.br\/index.php\/wp-json\/wp\/v2\/tags?post=114550"}],"curies":[{"name":"wp","href":"https:\/\/api.w.org\/{rel}","templated":true}]}}