{"id":114547,"date":"2024-11-20T14:08:24","date_gmt":"2024-11-20T17:08:24","guid":{"rendered":"https:\/\/blogdoedvaldomagalhaes.com.br\/?p=114547"},"modified":"2024-11-20T14:08:24","modified_gmt":"2024-11-20T17:08:24","slug":"juntos-pela-seguranca-governo-de-pernambuco-leva-programa-de-qualificacao-profissional-para-presidios-do-estado","status":"publish","type":"post","link":"https:\/\/blogdoedvaldomagalhaes.com.br\/index.php\/2024\/11\/20\/juntos-pela-seguranca-governo-de-pernambuco-leva-programa-de-qualificacao-profissional-para-presidios-do-estado\/","title":{"rendered":"Juntos pela Seguran\u00e7a: Governo de Pernambuco leva programa de qualifica\u00e7\u00e3o profissional para pres\u00eddios do Estado"},"content":{"rendered":"<p>O Governo do Estado, atrav\u00e9s da Secretaria de Administra\u00e7\u00e3o Penitenci\u00e1ria e Ressocializa\u00e7\u00e3o (SEAP) e da Secretaria de Desenvolvimento Profissional e Empreendedorismo (SEDEPE), est\u00e1 beneficiando o sistema prisional de Pernambuco com cursos profissionalizantes para as pessoas privadas de liberdade. A a\u00e7\u00e3o faz parte do Programa Qualifica Pernambuco, cujas aulas s\u00e3o ministradas pelo Sistema S (Senai, Senac e Sebrae), e vai alcan\u00e7ar 24 unidades prisionais de todo o Estado, das quais 17 j\u00e1 est\u00e3o recebendo a iniciativa. A ressocializa\u00e7\u00e3o \u00e9 uma das diretrizes do Juntos pela Seguran\u00e7a.<\/p>\n<p>\u201cQuando a gente cria condi\u00e7\u00f5es para que uma pessoa privada de liberdade possa ter a oportunidade de aprendizado de uma profiss\u00e3o, estamos oferecendo a ela uma perspectiva de uma vida digna. Esse cuidado com o presente e o futuro das pessoas \u00e9 o que nos move, \u00e9 o que norteia cada uma das in\u00fameras a\u00e7\u00f5es que estamos desenvolvendo em todos os cantos do nosso Estado. No caso do Juntos pela Seguran\u00e7a, para garantirmos a paz social, \u00e9 fundamental promovermos a ressocializa\u00e7\u00e3o dos educandos. E \u00e9 isso que estamos buscando com essa iniciativa\u201d, afirmou a governadora Raquel Lyra.<\/p>\n<p>Ser\u00e3o beneficiados, inicialmente, 1.100 detentos, com aulas presenciais ministradas por professores do Servi\u00e7o Nacional de Aprendizagem Industrial (Senai) e Servi\u00e7o Nacional de Aprendizagem Comercial (Senac). S\u00e3o 15 cursos em diversas \u00e1reas, todas voltadas ao mercado de trabalho, com conte\u00fados te\u00f3ricos e pr\u00e1ticos. Em raz\u00e3o de alguns cursos ocorrerem em v\u00e1rias unidades, ser\u00e3o, ao todo, 44 treinamentos.<\/p>\n<p>O secret\u00e1rio de Administra\u00e7\u00e3o Penitenci\u00e1ria e Ressocializa\u00e7\u00e3o, Paulo Paes, fala da parceria. \u201cEssa parceria com a Sedepe \u00e9 muito valiosa porque leva at\u00e9 a pessoa em priva\u00e7\u00e3o de liberdade a oportunidade de aprender uma profiss\u00e3o, que poder\u00e1 ser exercida dentro e fora da unidade prisional. Isso significa renda para a fam\u00edlia, ocupa\u00e7\u00e3o \u00fatil do tempo, dignidade e a n\u00e3o reincid\u00eancia no crime\u201d, enumerou.<\/p>\n<p>Os cursos ocorrer\u00e3o nos meses de novembro, dezembro e fevereiro, de segunda a sexta-feira, com carga hor\u00e1ria de 40 a 80 horas. Entre os benef\u00edcios para os participantes est\u00e3o a emiss\u00e3o de certificado e a remi\u00e7\u00e3o de pena.    <\/p>\n<p>Entre as unidades prisionais que iniciaram os cursos est\u00e1 a Col\u00f4nia Penal Feminina do Recife (CPFR), no Engenho do Meio. \u00c9 l\u00e1 que o professor do Senai Apr\u00edgio Jos\u00e9 da Silva J\u00fanior iniciou as aulas do Curso B\u00e1sico de Instala\u00e7\u00f5es Hidr\u00e1ulicas Prediais para 25 detentas. \u201cElas v\u00e3o conhecer o contexto de montagem de tubula\u00e7\u00e3o hidr\u00e1ulica. Eu vejo nelas uma for\u00e7a de vontade muito grande para aprender e uma grande perspectiva de mudan\u00e7a de vida\u201d, contou. Na CPFR, no turno da tarde, houve o curso de Cozinha Brasileira, tamb\u00e9m para 25 mulheres. <\/p>\n<p>\u201cLevar qualifica\u00e7\u00e3o profissional para os internos do sistema prisional \u00e9 fundamental para promover a ressocializa\u00e7\u00e3o e oferecer oportunidades reais de transforma\u00e7\u00e3o de vida. A capacita\u00e7\u00e3o t\u00e9cnica e profissional n\u00e3o apenas amplia as chances de recoloca\u00e7\u00e3o no mercado de trabalho, ap\u00f3s o cumprimento da pena, mas, tamb\u00e9m ajuda a aumentar a autoestima, quando esses presos e presas podem contribuir com seus servi\u00e7os nas unidades, melhorando seus espa\u00e7os e entregando um ambiente melhor e mais produtivo para todos\u201d, destacou a secret\u00e1ria-executiva de Trabalho e Qualifica\u00e7\u00e3o da Sedepe, Caroline Cardoso.<\/p>\n<p>Kisllen Silva Oliveira, 26 anos, participa do curso na \u00e1rea de hidr\u00e1ulica pela primeira vez. \u201cNa rua eu nunca tive a oportunidade de me envolver num curso t\u00e3o grande como esse, mas eu posso levar para a rua o trabalho que estou aprendendo. \u00c9 muito importante trazer esses cursos profissionalizantes para dentro da penitenci\u00e1ria. \u00c9 uma grande oportunidade\u201d, afirmou.<\/p>\n<p>QUALIFICA PE &#8211; Lan\u00e7ado em maio deste ano, o Qualifica PE \u00e9 o maior programa de qualifica\u00e7\u00e3o profissional de Pernambuco, desenvolvido pela SEDEPE em parceria com o Sistema S, e dividido em duas categorias: Qualifica Trabalho e Qualifica Empreendedor. O objetivo do programa \u00e9 preparar a popula\u00e7\u00e3o para o mercado de trabalho, garantindo fomento ao empreendedorismo e ao trabalho aut\u00f4nomo, al\u00e9m de proporcionar inclus\u00e3o social. A meta do programa \u00e9 chegar a todos os munic\u00edpios do Estado at\u00e9 2026, beneficiando mais de 150 mil pessoas.<\/p>\n<p>*A\u00c7\u00c3O EM N\u00daMEROS (Qualifica Pernambuco no Sistema Prisional)*<\/p>\n<p>&#8211; Per\u00edodo da a\u00e7\u00e3o: 19 de novembro de 2024 a fevereiro de 2025<br \/>\n&#8211; Onde: 24 unidades prisionais do Estado<br \/>\n&#8211; Beneficiados: 1.100 pessoas privadas de liberdade (inicialmente)<br \/>\n&#8211; Carga hor\u00e1ria: de 40 a 80 horas<br \/>\n&#8211; Aulas: segunda a sexta-feira, das 8h \u00e0s 12h ou 13h \u00e0s 17h<br \/>\n&#8211; Instrutores: Senac e Senai<br \/>\n&#8211; Cursos: 15 (Instala\u00e7\u00f5es El\u00e9tricas Residenciais, T\u00e9cnicas para Inspe\u00e7\u00e3o de Qualidade,  Instala\u00e7\u00f5es Hidr\u00e1ulicas Prediais, Condicionador de Ar, Confec\u00e7\u00e3o de Costura de Moda Infantil, Preparo e Servi\u00e7o de Coquet\u00e9is, Preparo de Bolos e Tortas, Cozinha Brasileira, Preparo de Doces e Salgados, Corte de Cabelo Masculino e Design de Barba, Atendimento Pr\u00e9-hospitalar e de Primeiros Socorros, T\u00e9cnicas de Pintura Imobili\u00e1ria, Instala\u00e7\u00f5es de Fibras \u00d3pticas, B\u00e1sico para Cozinha Profissional e B\u00e1sico de Panifica\u00e7\u00e3o).<br \/>\nFoto: Divulga\u00e7\u00e3o\/SEAP<br \/>\nSeja seguidor do Instagram do Blog @blogdoedvaldomagalhaes<\/p>\n","protected":false},"excerpt":{"rendered":"<p>O Governo do Estado, atrav\u00e9s da Secretaria de Administra\u00e7\u00e3o Penitenci\u00e1ria e Ressocializa\u00e7\u00e3o (SEAP) e da Secretaria de Desenvolvimento Profissional e&hellip;<\/p>\n","protected":false},"author":1,"featured_media":114548,"comment_status":"closed","ping_status":"open","sticky":false,"template":"","format":"standard","meta":{"footnotes":""},"categories":[14120],"tags":[30592,27410,2,28801,32196],"class_list":["post-114547","post","type-post","status-publish","format-standard","has-post-thumbnail","hentry","category-noticias","tag-blog-com-mais-seguidores","tag-blog-de-caruaru","tag-blog-do-edvaldo-magalhaes","tag-blog-mais-acessado","tag-juntos-pela-seguranca-governo-de-pernambuco-leva-programa-de-qualificacao-profissional-para-presidios-do-estado"],"_links":{"self":[{"href":"https:\/\/blogdoedvaldomagalhaes.com.br\/index.php\/wp-json\/wp\/v2\/posts\/114547","targetHints":{"allow":["GET"]}}],"collection":[{"href":"https:\/\/blogdoedvaldomagalhaes.com.br\/index.php\/wp-json\/wp\/v2\/posts"}],"about":[{"href":"https:\/\/blogdoedvaldomagalhaes.com.br\/index.php\/wp-json\/wp\/v2\/types\/post"}],"author":[{"embeddable":true,"href":"https:\/\/blogdoedvaldomagalhaes.com.br\/index.php\/wp-json\/wp\/v2\/users\/1"}],"replies":[{"embeddable":true,"href":"https:\/\/blogdoedvaldomagalhaes.com.br\/index.php\/wp-json\/wp\/v2\/comments?post=114547"}],"version-history":[{"count":1,"href":"https:\/\/blogdoedvaldomagalhaes.com.br\/index.php\/wp-json\/wp\/v2\/posts\/114547\/revisions"}],"predecessor-version":[{"id":114549,"href":"https:\/\/blogdoedvaldomagalhaes.com.br\/index.php\/wp-json\/wp\/v2\/posts\/114547\/revisions\/114549"}],"wp:featuredmedia":[{"embeddable":true,"href":"https:\/\/blogdoedvaldomagalhaes.com.br\/index.php\/wp-json\/wp\/v2\/media\/114548"}],"wp:attachment":[{"href":"https:\/\/blogdoedvaldomagalhaes.com.br\/index.php\/wp-json\/wp\/v2\/media?parent=114547"}],"wp:term":[{"taxonomy":"category","embeddable":true,"href":"https:\/\/blogdoedvaldomagalhaes.com.br\/index.php\/wp-json\/wp\/v2\/categories?post=114547"},{"taxonomy":"post_tag","embeddable":true,"href":"https:\/\/blogdoedvaldomagalhaes.com.br\/index.php\/wp-json\/wp\/v2\/tags?post=114547"}],"curies":[{"name":"wp","href":"https:\/\/api.w.org\/{rel}","templated":true}]}}