{"id":114544,"date":"2024-11-20T14:01:12","date_gmt":"2024-11-20T17:01:12","guid":{"rendered":"https:\/\/blogdoedvaldomagalhaes.com.br\/?p=114544"},"modified":"2024-11-20T14:01:12","modified_gmt":"2024-11-20T17:01:12","slug":"caminhao-furtado-e-com-placas-falsas-e-recuperado-pela-prf-em-caruaru","status":"publish","type":"post","link":"https:\/\/blogdoedvaldomagalhaes.com.br\/index.php\/2024\/11\/20\/caminhao-furtado-e-com-placas-falsas-e-recuperado-pela-prf-em-caruaru\/","title":{"rendered":"Caminh\u00e3o furtado e com placas falsas \u00e9 recuperado pela PRF em Caruaru"},"content":{"rendered":"<p>Um caminh\u00e3o furtado e que portava placas falsas foi recuperado, nesta quarta(20), pela Pol\u00edcia Rodovi\u00e1ria Federal (PRF). O motorista do ve\u00edculo foi detido durante uma fiscaliza\u00e7\u00e3o na BR 104, em Caruaru, no Agreste.<\/p>\n<p>Policiais realizavam uma fiscaliza\u00e7\u00e3o em frente ao posto da PRF de Caruaru, quando abordaram um caminh\u00e3o com placa de Mercosul. Em consulta, a equipe descobriu um registro de furto em agosto de 2023 na cidade de Santa Maria do Cambuc\u00e1, tamb\u00e9m no Agreste.<\/p>\n<p>O motorista alegou que havia adquirido o caminh\u00e3o dando de entrada um carro e mais R$70 mil, mas n\u00e3o portava o comprovante dessa transa\u00e7\u00e3o. O homem foi encaminhado \u00e0 Delegacia de Pol\u00edcia Civil de Caruaru e poder\u00e1 responder por recepta\u00e7\u00e3o e adultera\u00e7\u00e3o.<br \/>\nSeja seguidor do Instagram do Blog @blogdoedvaldomagalhaes<br \/>\nFoto: Divulga\u00e7\u00e3o\/PRF<\/p>\n","protected":false},"excerpt":{"rendered":"<p>Um caminh\u00e3o furtado e que portava placas falsas foi recuperado, nesta quarta(20), pela Pol\u00edcia Rodovi\u00e1ria Federal (PRF). O motorista do&hellip;<\/p>\n","protected":false},"author":1,"featured_media":114545,"comment_status":"closed","ping_status":"open","sticky":false,"template":"","format":"standard","meta":{"footnotes":""},"categories":[14120],"tags":[30253,29440,13146,28801,32195],"class_list":["post-114544","post","type-post","status-publish","format-standard","has-post-thumbnail","hentry","category-noticias","tag-blog-caruaru","tag-blog-com-mais-visualizacao","tag-blog-edvaldo-magalhaes","tag-blog-mais-acessado","tag-caminhao-furtado-e-com-placas-falsas-e-recuperado-pela-prf-em-caruaru"],"_links":{"self":[{"href":"https:\/\/blogdoedvaldomagalhaes.com.br\/index.php\/wp-json\/wp\/v2\/posts\/114544","targetHints":{"allow":["GET"]}}],"collection":[{"href":"https:\/\/blogdoedvaldomagalhaes.com.br\/index.php\/wp-json\/wp\/v2\/posts"}],"about":[{"href":"https:\/\/blogdoedvaldomagalhaes.com.br\/index.php\/wp-json\/wp\/v2\/types\/post"}],"author":[{"embeddable":true,"href":"https:\/\/blogdoedvaldomagalhaes.com.br\/index.php\/wp-json\/wp\/v2\/users\/1"}],"replies":[{"embeddable":true,"href":"https:\/\/blogdoedvaldomagalhaes.com.br\/index.php\/wp-json\/wp\/v2\/comments?post=114544"}],"version-history":[{"count":1,"href":"https:\/\/blogdoedvaldomagalhaes.com.br\/index.php\/wp-json\/wp\/v2\/posts\/114544\/revisions"}],"predecessor-version":[{"id":114546,"href":"https:\/\/blogdoedvaldomagalhaes.com.br\/index.php\/wp-json\/wp\/v2\/posts\/114544\/revisions\/114546"}],"wp:featuredmedia":[{"embeddable":true,"href":"https:\/\/blogdoedvaldomagalhaes.com.br\/index.php\/wp-json\/wp\/v2\/media\/114545"}],"wp:attachment":[{"href":"https:\/\/blogdoedvaldomagalhaes.com.br\/index.php\/wp-json\/wp\/v2\/media?parent=114544"}],"wp:term":[{"taxonomy":"category","embeddable":true,"href":"https:\/\/blogdoedvaldomagalhaes.com.br\/index.php\/wp-json\/wp\/v2\/categories?post=114544"},{"taxonomy":"post_tag","embeddable":true,"href":"https:\/\/blogdoedvaldomagalhaes.com.br\/index.php\/wp-json\/wp\/v2\/tags?post=114544"}],"curies":[{"name":"wp","href":"https:\/\/api.w.org\/{rel}","templated":true}]}}