{"id":114541,"date":"2024-11-20T13:56:08","date_gmt":"2024-11-20T16:56:08","guid":{"rendered":"https:\/\/blogdoedvaldomagalhaes.com.br\/?p=114541"},"modified":"2024-11-20T13:56:08","modified_gmt":"2024-11-20T16:56:08","slug":"cadelinha-atacada-por-pitbull-em-recife-luta-pela-vida-e-mobiliza-campanha-de-solidariedade","status":"publish","type":"post","link":"https:\/\/blogdoedvaldomagalhaes.com.br\/index.php\/2024\/11\/20\/cadelinha-atacada-por-pitbull-em-recife-luta-pela-vida-e-mobiliza-campanha-de-solidariedade\/","title":{"rendered":"Cadelinha atacada por pitbull em Recife luta pela vida e mobiliza campanha de solidariedade"},"content":{"rendered":"<p>_Um movimento foi lan\u00e7ado para ajudar a  custear tratamento veterin\u00e1rio, enquanto busca responsabiliza\u00e7\u00e3o dos tutores do pitbull_<\/p>\n<p>Desde o dia 9 de novembro, a cadelinha Isabela, conhecida como Belinha, tem travado uma batalha pela vida ap\u00f3s ser atacada por um pitbull no bairro da Tamarineira, em Recife. O incidente aconteceu quando o c\u00e3o, sem focinheira, invadiu a resid\u00eancia da fam\u00edlia, provocando ferimentos graves na poodle. O caso gerou como\u00e7\u00e3o e motivou uma campanha de arrecada\u00e7\u00e3o para custear o tratamento veterin\u00e1rio da cadela.<\/p>\n<p>Belinha foi submetida a uma cirurgia e permaneceu seis dias na unidade semi-intensiva do Hospital Harmonia, enfrentando um grave processo infeccioso. Apesar do quadro delicado, a cadelinha vem mostrando sinais de melhora, conseguindo, com apoio da equipe veterin\u00e1ria, ficar de p\u00e9 e beber \u00e1gua espontaneamente.<\/p>\n<p>Embora a evolu\u00e7\u00e3o seja animadora, o tratamento ainda \u00e9 longo e envolve custos elevados. Al\u00e9m de superar um quadro de sepse, Belinha apresenta disfun\u00e7\u00e3o motora e precisar\u00e1 de sess\u00f5es de reabilita\u00e7\u00e3o para recuperar sua qualidade de vida. At\u00e9 o momento, as despesas veterin\u00e1rias j\u00e1 somam cerca de R$ 12 mil e est\u00e3o sendo custeadas exclusivamente pela fam\u00edlia tutora de Belinha.<\/p>\n<p>*Busca por Justi\u00e7a e Solidariedade*- A fam\u00edlia da cadela busca a responsabiliza\u00e7\u00e3o civil e criminal dos tutores do pitbull, que costumava circular pelas ruas do bairro sem os equipamentos de seguran\u00e7a exigidos por lei. O caso foi levado \u00e0 Justi\u00e7a e tramita na 8\u00aa Vara C\u00edvel da Capital sob o n\u00famero 0132456-37.2024.8.17.2001, mas ainda n\u00e3o houve decis\u00e3o judicial.<br \/>\nEnquanto aguardam, foi lan\u00e7ada uma campanha de arrecada\u00e7\u00e3o para garantir que Belinha receba os cuidados necess\u00e1rios. \u201cQueremos proporcionar o melhor tratamento para ela. Contamos com o apoio de quem puder nos ajudar nessa luta\u201d, destacou Danielle Figueiredo, tutora de Belinha.<\/p>\n<p>*Como Ajudar*\u2013 Foi aberto um perfil no Instagram @forca_belinha e uma campanha, intitulada &#8220;Ajude Belinha a se Recuperar&#8221;, est\u00e1 arrecadando contribui\u00e7\u00f5es via Pix e pela plataforma Vakinha:<br \/>\n\u2022\tChave Pix: 5210614@vakinha.com.br<br \/>\n\u2022\tSite da Vakinha: http:\/\/vaka.me\/5210614<\/p>\n<p>A hist\u00f3ria de Belinha tem sensibilizado muitas pessoas, que se mobilizam para ajudar a cadela em sua recupera\u00e7\u00e3o. O apoio recebido at\u00e9 agora refor\u00e7a a esperan\u00e7a de que, em breve, ela possa voltar a viver de forma plena ao lado\u00a0da\u00a0fam\u00edlia.<br \/>\nSeja seguidor do Instagram do Blog @blogdoedvaldomagalhaes<br \/>\nFoto: Divulga\u00e7\u00e3o<\/p>\n","protected":false},"excerpt":{"rendered":"<p>_Um movimento foi lan\u00e7ado para ajudar a custear tratamento veterin\u00e1rio, enquanto busca responsabiliza\u00e7\u00e3o dos tutores do pitbull_ Desde o dia&hellip;<\/p>\n","protected":false},"author":1,"featured_media":114542,"comment_status":"closed","ping_status":"open","sticky":false,"template":"","format":"standard","meta":{"footnotes":""},"categories":[14120],"tags":[28803,27410,2,28801,32194],"class_list":["post-114541","post","type-post","status-publish","format-standard","has-post-thumbnail","hentry","category-noticias","tag-blog-com-mais-visualizacoes","tag-blog-de-caruaru","tag-blog-do-edvaldo-magalhaes","tag-blog-mais-acessado","tag-cadelinha-atacada-por-pitbull-em-recife-luta-pela-vida-e-mobiliza-campanha-de-solidariedade"],"_links":{"self":[{"href":"https:\/\/blogdoedvaldomagalhaes.com.br\/index.php\/wp-json\/wp\/v2\/posts\/114541","targetHints":{"allow":["GET"]}}],"collection":[{"href":"https:\/\/blogdoedvaldomagalhaes.com.br\/index.php\/wp-json\/wp\/v2\/posts"}],"about":[{"href":"https:\/\/blogdoedvaldomagalhaes.com.br\/index.php\/wp-json\/wp\/v2\/types\/post"}],"author":[{"embeddable":true,"href":"https:\/\/blogdoedvaldomagalhaes.com.br\/index.php\/wp-json\/wp\/v2\/users\/1"}],"replies":[{"embeddable":true,"href":"https:\/\/blogdoedvaldomagalhaes.com.br\/index.php\/wp-json\/wp\/v2\/comments?post=114541"}],"version-history":[{"count":1,"href":"https:\/\/blogdoedvaldomagalhaes.com.br\/index.php\/wp-json\/wp\/v2\/posts\/114541\/revisions"}],"predecessor-version":[{"id":114543,"href":"https:\/\/blogdoedvaldomagalhaes.com.br\/index.php\/wp-json\/wp\/v2\/posts\/114541\/revisions\/114543"}],"wp:featuredmedia":[{"embeddable":true,"href":"https:\/\/blogdoedvaldomagalhaes.com.br\/index.php\/wp-json\/wp\/v2\/media\/114542"}],"wp:attachment":[{"href":"https:\/\/blogdoedvaldomagalhaes.com.br\/index.php\/wp-json\/wp\/v2\/media?parent=114541"}],"wp:term":[{"taxonomy":"category","embeddable":true,"href":"https:\/\/blogdoedvaldomagalhaes.com.br\/index.php\/wp-json\/wp\/v2\/categories?post=114541"},{"taxonomy":"post_tag","embeddable":true,"href":"https:\/\/blogdoedvaldomagalhaes.com.br\/index.php\/wp-json\/wp\/v2\/tags?post=114541"}],"curies":[{"name":"wp","href":"https:\/\/api.w.org\/{rel}","templated":true}]}}